{"id":16244,"date":"2017-09-15T23:18:27","date_gmt":"2017-09-16T02:18:27","guid":{"rendered":"http:\/\/www.maisbn.com\/portal\/?p=16244"},"modified":"2017-09-15T23:18:27","modified_gmt":"2017-09-16T02:18:27","slug":"tse-determina-a-extincao-do-cartorio-eleitoral-de-belmonte","status":"publish","type":"post","link":"https:\/\/www.maisbn.com\/portal\/2017\/09\/tse-determina-a-extincao-do-cartorio-eleitoral-de-belmonte\/","title":{"rendered":"TSE determina a extin\u00e7\u00e3o do Cart\u00f3rio Eleitoral de Belmonte."},"content":{"rendered":"<p><a href=\"http:\/\/www.maisbn.com\/portal\/wp-content\/uploads\/2016\/08\/Forum_Belmonte.jpg\"><img loading=\"lazy\" decoding=\"async\" class=\"aligncenter  wp-image-12104\" src=\"http:\/\/www.maisbn.com\/portal\/wp-content\/uploads\/2016\/08\/Forum_Belmonte.jpg\" alt=\"Forum_Belmonte\" width=\"600\" height=\"395\" \/><\/a><\/p>\n<p>Por determina\u00e7\u00e3o do Tribunal Superior Eleitoral o Cart\u00f3rio Eleitoral de Belmonte deixar\u00e1 de existir e a cidade ficar\u00e1 subordinada ao munic\u00edpio de Santa Cruz Cabr\u00e1lia. O fato n\u00e3o foi uma surpresa, j\u00e1 que, havia especula\u00e7\u00f5es que a mudan\u00e7a iria acontecer desde o tempo em que a cidade conseguiu reverter, depois de muita briga, a perda de sua Comarca.<\/p>\n<p><a href=\"http:\/\/www.maisbn.com\/portal\/wp-content\/uploads\/2017\/09\/eleitoral_zzf05e203770.jpg\"><img loading=\"lazy\" decoding=\"async\" class=\"aligncenter  wp-image-16245\" src=\"http:\/\/www.maisbn.com\/portal\/wp-content\/uploads\/2017\/09\/eleitoral_zzf05e203770.jpg\" alt=\"eleitoral_zzf05e203770\" width=\"600\" height=\"341\" \/><\/a><\/p>\n<p>O Deputado J\u00e2nio Natal publicou uma nota \u00e0 imprensa informando que estava inconformado e que j\u00e1 esteve em reuni\u00e3o com o Desembargador Jos\u00e9 Edivaldo Rocha Rotondano, Presidente do Tribunal Regional Eleitoral (TRE). Segundo o parlamentar o Desembargador se sensibilizou com o problema e prometeu defender a perman\u00eancia do Cart\u00f3rio Eleitoral de Belmonte. O Desembargador ainda prometeu implantar o cadastramento biom\u00e9trico eleitoral na cidade logo ap\u00f3s as elei\u00e7\u00f5es de 2018.<\/p>\n","protected":false},"excerpt":{"rendered":"<p>Por determina\u00e7\u00e3o do Tribunal Superior Eleitoral o Cart\u00f3rio Eleitoral de Belmonte deixar\u00e1 de existir e a cidade ficar\u00e1 subordinada ao munic\u00edpio de Santa Cruz Cabr\u00e1lia. O fato n\u00e3o foi uma surpresa, j\u00e1 que, havia especula\u00e7\u00f5es que a mudan\u00e7a iria acontecer desde o tempo em que a cidade conseguiu reverter, depois de muita briga, a perda [&hellip;]<\/p>\n","protected":false},"author":7,"featured_media":12104,"comment_status":"open","ping_status":"open","sticky":false,"template":"","format":"standard","meta":{"footnotes":""},"categories":[45,1],"tags":[108],"class_list":["post-16244","post","type-post","status-publish","format-standard","has-post-thumbnail","hentry","category-cidades","category-noticias","tag-belmonte"],"_links":{"self":[{"href":"https:\/\/www.maisbn.com\/portal\/wp-json\/wp\/v2\/posts\/16244","targetHints":{"allow":["GET"]}}],"collection":[{"href":"https:\/\/www.maisbn.com\/portal\/wp-json\/wp\/v2\/posts"}],"about":[{"href":"https:\/\/www.maisbn.com\/portal\/wp-json\/wp\/v2\/types\/post"}],"author":[{"embeddable":true,"href":"https:\/\/www.maisbn.com\/portal\/wp-json\/wp\/v2\/users\/7"}],"replies":[{"embeddable":true,"href":"https:\/\/www.maisbn.com\/portal\/wp-json\/wp\/v2\/comments?post=16244"}],"version-history":[{"count":1,"href":"https:\/\/www.maisbn.com\/portal\/wp-json\/wp\/v2\/posts\/16244\/revisions"}],"predecessor-version":[{"id":16246,"href":"https:\/\/www.maisbn.com\/portal\/wp-json\/wp\/v2\/posts\/16244\/revisions\/16246"}],"wp:featuredmedia":[{"embeddable":true,"href":"https:\/\/www.maisbn.com\/portal\/wp-json\/wp\/v2\/media\/12104"}],"wp:attachment":[{"href":"https:\/\/www.maisbn.com\/portal\/wp-json\/wp\/v2\/media?parent=16244"}],"wp:term":[{"taxonomy":"category","embeddable":true,"href":"https:\/\/www.maisbn.com\/portal\/wp-json\/wp\/v2\/categories?post=16244"},{"taxonomy":"post_tag","embeddable":true,"href":"https:\/\/www.maisbn.com\/portal\/wp-json\/wp\/v2\/tags?post=16244"}],"curies":[{"name":"wp","href":"https:\/\/api.w.org\/{rel}","templated":true}]}}