{"id":16222,"date":"2017-09-14T22:55:02","date_gmt":"2017-09-15T01:55:02","guid":{"rendered":"http:\/\/www.maisbn.com\/portal\/?p=16222"},"modified":"2017-09-14T23:16:13","modified_gmt":"2017-09-15T02:16:13","slug":"estudante-belmontense-e-selecionado-em-programa-internacional-de-mobilidade-academica-e-vai-estudar-no-uruguai","status":"publish","type":"post","link":"https:\/\/www.maisbn.com\/portal\/2017\/09\/estudante-belmontense-e-selecionado-em-programa-internacional-de-mobilidade-academica-e-vai-estudar-no-uruguai\/","title":{"rendered":"ESTUDANTE BELMONTENSE \u00c9 SELECIONADO EM PROGRAMA INTERNACIONAL E VAI ESTUDAR NO URUGUAI."},"content":{"rendered":"<p>O estudante belmontense Moises Sant\u2019Ana, foi selecionado no Programa Institucional de bolsas para mobilidade acad\u00eamica internacional nas licenciaturas interdisciplinares da Universidade Federal do Sul da Bahia \u2013 UFSB. O Programa de Mobilidade Acad\u00eamica Internacional nas Licenciaturas Interdisciplinares da UFSB incorpora-se ao Projeto Paulo Freire, programa de mobilidade internacional promovido pela Organiza\u00e7\u00e3o dos Estados Ibero-americanos (OEI) que visa \u00e0 forma\u00e7\u00e3o de professoras\/es para Educa\u00e7\u00e3o B\u00e1sica, notadamente Ensino M\u00e9dio e anos finais do Ensino Fundamental, no \u00e2mbito da Ibero Am\u00e9rica.O Projeto Paulo Freire tem como objetivo constituir uma rede formada por Institui\u00e7\u00f5es de Ensino Superior da Ibero Am\u00e9rica para valoriza\u00e7\u00e3o social e intelectual da carreira docente no ensino b\u00e1sico, priorizando a educa\u00e7\u00e3o p\u00fablica em seus distintos aspectos e dimens\u00f5es e o compromisso da universidade p\u00fablica com todas as etapas de forma\u00e7\u00e3o escolar.<\/p>\n<p><a href=\"http:\/\/www.maisbn.com\/portal\/wp-content\/uploads\/2017\/09\/moises_santana00001.jpg\"><img loading=\"lazy\" decoding=\"async\" class=\"aligncenter  wp-image-16223\" src=\"http:\/\/www.maisbn.com\/portal\/wp-content\/uploads\/2017\/09\/moises_santana00001.jpg\" alt=\"moises_santana00001\" width=\"600\" height=\"385\" \/><\/a><\/p>\n<p>O estudante de 26 anos participou de um processo de sele\u00e7\u00e3o com outros colegas da universidade e ficou entre os dez selecionados no Campus Sos\u00edgenes Costa em Porto Seguro, onde ele estuda. Al\u00e9m dele, alunos de outros Campi tamb\u00e9m foram selecionados para a viagem que ter\u00e1 dura\u00e7\u00e3o de tr\u00eas meses. A previs\u00e3o de inicio para o interc\u00e2mbio no pa\u00eds parceiro (Uruguai) ser\u00e1 no primeiro quadrimestre de 2018 e os estudantes ainda precisar\u00e3o participar de todas as atividades acad\u00eamicas de orienta\u00e7\u00e3o para o interc\u00e2mbio e relativas aos planos de estudos nas institui\u00e7\u00f5es anfitri\u00e3s.<\/p>\n<p><a href=\"http:\/\/www.maisbn.com\/portal\/wp-content\/uploads\/2017\/09\/moises_santana100001.jpg\"><img loading=\"lazy\" decoding=\"async\" class=\"aligncenter  wp-image-16229\" src=\"http:\/\/www.maisbn.com\/portal\/wp-content\/uploads\/2017\/09\/moises_santana100001.jpg\" alt=\"moises_santana100001\" width=\"600\" height=\"385\" \/><\/a><\/p>\n<p>Moises, que est\u00e1 cursando o ultimo per\u00edodo da Licenciatura Interdisciplinar em Linguagens C\u00f3digos e suas Tecnologias, t\u00eam se destacado na Universidade pela sua atua\u00e7\u00e3o como membro da Comiss\u00e3o de Pol\u00edticas Afirmativas \u2013 CPAF e tamb\u00e9m por participar, inclusive com submiss\u00e3o de trabalhos cient\u00edficos, na \u00e1rea de educa\u00e7\u00e3o em Congressos e Semin\u00e1rios Nacionais e Internacionais. O jovem tamb\u00e9m \u00e9 muito conhecido em Belmonte por participar de projetos sociais e por manter um canal de Vlog na Internet para divulgar a hist\u00f3ria da cidade.<\/p>\n","protected":false},"excerpt":{"rendered":"<p>O estudante belmontense Moises Sant\u2019Ana, foi selecionado no Programa Institucional de bolsas para mobilidade acad\u00eamica internacional nas licenciaturas interdisciplinares da Universidade Federal do Sul da Bahia \u2013 UFSB. O Programa de Mobilidade Acad\u00eamica Internacional nas Licenciaturas Interdisciplinares da UFSB incorpora-se ao Projeto Paulo Freire, programa de mobilidade internacional promovido pela Organiza\u00e7\u00e3o dos Estados Ibero-americanos (OEI) [&hellip;]<\/p>\n","protected":false},"author":7,"featured_media":16223,"comment_status":"open","ping_status":"open","sticky":false,"template":"","format":"standard","meta":{"footnotes":""},"categories":[8,1],"tags":[108],"class_list":["post-16222","post","type-post","status-publish","format-standard","has-post-thumbnail","hentry","category-educacao","category-noticias","tag-belmonte"],"_links":{"self":[{"href":"https:\/\/www.maisbn.com\/portal\/wp-json\/wp\/v2\/posts\/16222","targetHints":{"allow":["GET"]}}],"collection":[{"href":"https:\/\/www.maisbn.com\/portal\/wp-json\/wp\/v2\/posts"}],"about":[{"href":"https:\/\/www.maisbn.com\/portal\/wp-json\/wp\/v2\/types\/post"}],"author":[{"embeddable":true,"href":"https:\/\/www.maisbn.com\/portal\/wp-json\/wp\/v2\/users\/7"}],"replies":[{"embeddable":true,"href":"https:\/\/www.maisbn.com\/portal\/wp-json\/wp\/v2\/comments?post=16222"}],"version-history":[{"count":5,"href":"https:\/\/www.maisbn.com\/portal\/wp-json\/wp\/v2\/posts\/16222\/revisions"}],"predecessor-version":[{"id":16230,"href":"https:\/\/www.maisbn.com\/portal\/wp-json\/wp\/v2\/posts\/16222\/revisions\/16230"}],"wp:featuredmedia":[{"embeddable":true,"href":"https:\/\/www.maisbn.com\/portal\/wp-json\/wp\/v2\/media\/16223"}],"wp:attachment":[{"href":"https:\/\/www.maisbn.com\/portal\/wp-json\/wp\/v2\/media?parent=16222"}],"wp:term":[{"taxonomy":"category","embeddable":true,"href":"https:\/\/www.maisbn.com\/portal\/wp-json\/wp\/v2\/categories?post=16222"},{"taxonomy":"post_tag","embeddable":true,"href":"https:\/\/www.maisbn.com\/portal\/wp-json\/wp\/v2\/tags?post=16222"}],"curies":[{"name":"wp","href":"https:\/\/api.w.org\/{rel}","templated":true}]}}