{"id":16215,"date":"2017-09-12T23:20:34","date_gmt":"2017-09-13T02:20:34","guid":{"rendered":"http:\/\/www.maisbn.com\/portal\/?p=16215"},"modified":"2017-09-12T23:20:34","modified_gmt":"2017-09-13T02:20:34","slug":"escolinha-netos-de-gandhi-e-a-campea-da-copa-revelacao-sub-15","status":"publish","type":"post","link":"https:\/\/www.maisbn.com\/portal\/2017\/09\/escolinha-netos-de-gandhi-e-a-campea-da-copa-revelacao-sub-15\/","title":{"rendered":"Escolinha Netos de Gandhi \u00e9 a Campe\u00e3 da Copa Revela\u00e7\u00e3o Sub-15."},"content":{"rendered":"<p>Aconteceu no \u00faltimo domingo (10\/09) a final da Copa Revela\u00e7\u00e3o Sub-15. O evento aconteceu no Est\u00e1dio Municipal Orland\u00e3o 70 onde, por volta das 10:00Hrs da manh\u00e3, ocorreu o embate entre a Escolinha Eman WG de Barrol\u00e2ndia e Escolinha Netos de Gandhi de Belmonte.<\/p>\n<p><a href=\"http:\/\/www.maisbn.com\/portal\/wp-content\/uploads\/2017\/09\/finalcopasub1500016.jpg\"><img loading=\"lazy\" decoding=\"async\" class=\"aligncenter  wp-image-16216\" src=\"http:\/\/www.maisbn.com\/portal\/wp-content\/uploads\/2017\/09\/finalcopasub1500016.jpg\" alt=\"finalcopasub1500016\" width=\"600\" height=\"385\" \/><\/a><\/p>\n<p>O melhor desempenho do primeiro tempo foi da Ecolinha WG de Barrol\u00e2ndia que contou com muitas oportunidades de gol, mas n\u00e3o conseguiu abrir o placar. A Escolinha Negos de Gandhi contou apenas com duas oportunidades, mas, como seu advers\u00e1rio, n\u00e3o teve sorte nas finaliza\u00e7\u00f5es.<\/p>\n<p><a href=\"http:\/\/www.maisbn.com\/portal\/wp-content\/uploads\/2017\/09\/finalcopasub1500019.jpg\"><img loading=\"lazy\" decoding=\"async\" class=\"aligncenter  wp-image-16217\" src=\"http:\/\/www.maisbn.com\/portal\/wp-content\/uploads\/2017\/09\/finalcopasub1500019.jpg\" alt=\"finalcopasub1500019\" width=\"600\" height=\"385\" \/><\/a><\/p>\n<p>Aos 10 minutos do segundo tempo a Escolinha WG deu um grande susto na torcida, criou oportunidade, mas o seu jogador acabou entrando na posi\u00e7\u00e3o de impedimento. A Escolinha Netos de Gandhi n\u00e3o desanimou, partiu pra cima e aos 23 minutos saiu dos p\u00e9s do atacante Gabriel Monteiro o gol da vit\u00f3ria que deu o titulo de Campe\u00e3 da Copa Revela\u00e7\u00e3o Sub-15 \u00e0 Escolinha Netos de Gandhi.<\/p>\n<p><a href=\"http:\/\/www.maisbn.com\/portal\/wp-content\/uploads\/2017\/09\/finalcopasub1500055.jpg\"><img loading=\"lazy\" decoding=\"async\" class=\"aligncenter  wp-image-16218\" src=\"http:\/\/www.maisbn.com\/portal\/wp-content\/uploads\/2017\/09\/finalcopasub1500055.jpg\" alt=\"finalcopasub1500055\" width=\"600\" height=\"385\" \/><\/a><\/p>\n<p>A Copa Revela\u00e7\u00e3o \u00e9 uma iniciativa da Secretaria Municipal de Esportes junto com a coordena\u00e7\u00e3o das Escolinhas de Futebol e contou com o apoio da Prefeitura Municipal de Belmonte. O Campe\u00e3o de 2017 levou pra casa a ta\u00e7a da copa Revela\u00e7\u00e3o e medalhas o vice campe\u00e3o tamb\u00e9m recebeu trof\u00e9u e medalhas. O jogador Thiago Felix, zagueiro da Escolinha WG, ganhou o t\u00edtulo de artilheiro da competi\u00e7\u00e3o. O t\u00edtulo de melhor jogador ficou com Kai\u00e3 Matheus. O t\u00edtulo de goleiro menos vazado da competi\u00e7\u00e3o ficou com o atleta Jefferson Oliveira dos Netos de Gandhi.<\/p>\n<p><a href=\"http:\/\/www.maisbn.com\/portal\/wp-content\/uploads\/2017\/09\/finalcopasub1500051.jpg\"><img loading=\"lazy\" decoding=\"async\" class=\"aligncenter  wp-image-16219\" src=\"http:\/\/www.maisbn.com\/portal\/wp-content\/uploads\/2017\/09\/finalcopasub1500051.jpg\" alt=\"finalcopasub1500051\" width=\"600\" height=\"385\" \/><\/a><\/p>\n<p>Os organizadores da Copa , Jos\u00e9 M\u00e1rio Borges (Faf\u00e1) e Rosivaldo Concei\u00e7\u00e3o, agradecem ao Prefeito Janival pelo apoio incondicional, ao \u00a0Deputado Estadual J\u00e2nio Natal, ao Secret\u00e1rio de Sa\u00fade Tarcio Lapa , aos respons\u00e1veis pelas escolinhas , aos \u00e1rbitros, a imprensa local e a toda popula\u00e7\u00e3o que se fez presente nos jogos.<\/p>\n","protected":false},"excerpt":{"rendered":"<p>Aconteceu no \u00faltimo domingo (10\/09) a final da Copa Revela\u00e7\u00e3o Sub-15. O evento aconteceu no Est\u00e1dio Municipal Orland\u00e3o 70 onde, por volta das 10:00Hrs da manh\u00e3, ocorreu o embate entre a Escolinha Eman WG de Barrol\u00e2ndia e Escolinha Netos de Gandhi de Belmonte. O melhor desempenho do primeiro tempo foi da Ecolinha WG de Barrol\u00e2ndia [&hellip;]<\/p>\n","protected":false},"author":7,"featured_media":16219,"comment_status":"open","ping_status":"open","sticky":false,"template":"","format":"standard","meta":{"footnotes":""},"categories":[10,1],"tags":[108],"class_list":["post-16215","post","type-post","status-publish","format-standard","has-post-thumbnail","hentry","category-esporte","category-noticias","tag-belmonte"],"_links":{"self":[{"href":"https:\/\/www.maisbn.com\/portal\/wp-json\/wp\/v2\/posts\/16215","targetHints":{"allow":["GET"]}}],"collection":[{"href":"https:\/\/www.maisbn.com\/portal\/wp-json\/wp\/v2\/posts"}],"about":[{"href":"https:\/\/www.maisbn.com\/portal\/wp-json\/wp\/v2\/types\/post"}],"author":[{"embeddable":true,"href":"https:\/\/www.maisbn.com\/portal\/wp-json\/wp\/v2\/users\/7"}],"replies":[{"embeddable":true,"href":"https:\/\/www.maisbn.com\/portal\/wp-json\/wp\/v2\/comments?post=16215"}],"version-history":[{"count":1,"href":"https:\/\/www.maisbn.com\/portal\/wp-json\/wp\/v2\/posts\/16215\/revisions"}],"predecessor-version":[{"id":16220,"href":"https:\/\/www.maisbn.com\/portal\/wp-json\/wp\/v2\/posts\/16215\/revisions\/16220"}],"wp:featuredmedia":[{"embeddable":true,"href":"https:\/\/www.maisbn.com\/portal\/wp-json\/wp\/v2\/media\/16219"}],"wp:attachment":[{"href":"https:\/\/www.maisbn.com\/portal\/wp-json\/wp\/v2\/media?parent=16215"}],"wp:term":[{"taxonomy":"category","embeddable":true,"href":"https:\/\/www.maisbn.com\/portal\/wp-json\/wp\/v2\/categories?post=16215"},{"taxonomy":"post_tag","embeddable":true,"href":"https:\/\/www.maisbn.com\/portal\/wp-json\/wp\/v2\/tags?post=16215"}],"curies":[{"name":"wp","href":"https:\/\/api.w.org\/{rel}","templated":true}]}}