{"id":16213,"date":"2017-09-12T22:33:18","date_gmt":"2017-09-13T01:33:18","guid":{"rendered":"http:\/\/www.maisbn.com\/portal\/?p=16213"},"modified":"2017-09-12T22:33:18","modified_gmt":"2017-09-13T01:33:18","slug":"governador-da-bahia-diz-que-estado-bateu-recordes-de-aposentadorias","status":"publish","type":"post","link":"https:\/\/www.maisbn.com\/portal\/2017\/09\/governador-da-bahia-diz-que-estado-bateu-recordes-de-aposentadorias\/","title":{"rendered":"Governador da Bahia diz que estado bateu recordes de aposentadorias."},"content":{"rendered":"<p><a href=\"http:\/\/www.maisbn.com\/portal\/wp-content\/uploads\/2015\/11\/governador_rui.jpg\"><img loading=\"lazy\" decoding=\"async\" class=\"aligncenter  wp-image-9199\" src=\"http:\/\/www.maisbn.com\/portal\/wp-content\/uploads\/2015\/11\/governador_rui.jpg\" alt=\"governador_rui\" width=\"601\" height=\"400\" \/><\/a><\/p>\n<p>O governador Rui Costa disse na tarde desta ter\u00e7a-feira (12) que a Bahia bateu recordes de aposentadoria nos \u00faltimos 2 anos e 8 meses, o que contribuiu para agravar o d\u00e9ficit previdenci\u00e1rio estadual. De acordo com o governador, o tema foi tratado em reuni\u00e3o na segunda (11) com o presidente da Assembleia Legislativa da Bahia (AL-BA), Angelo Coronel (PSD). \u00a0\u201c<strong><em>Nunca se aposentou tanto no Estado da Bahia. E o ritmo [de aposentadorias] \u00e9 muito alucinante\u201d<\/em><\/strong>, afirmou o petista. Segundo o governador, foram aproximadamente 17 mil aposentadorias, <strong><em>\u201cum recorde n\u00e3o necessariamente positivo\u201d.<\/em><\/strong> &#8211; Comentou o mandat\u00e1rio baiano.<strong><em><br \/>\n<\/em><\/strong><\/p>\n<p>Ele ainda sugeriu que a quantidade de pedidos tem aumentado por conta do receio das pessoas com a proposta de reforma da Previd\u00eancia. O petista ainda se solidarizou com Coronel, cujo pai morreu nesta ter\u00e7a. \u201cQuero transmitir meus sentimentos publicamente\u201d, afirmou.<\/p>\n","protected":false},"excerpt":{"rendered":"<p>O governador Rui Costa disse na tarde desta ter\u00e7a-feira (12) que a Bahia bateu recordes de aposentadoria nos \u00faltimos 2 anos e 8 meses, o que contribuiu para agravar o d\u00e9ficit previdenci\u00e1rio estadual. De acordo com o governador, o tema foi tratado em reuni\u00e3o na segunda (11) com o presidente da Assembleia Legislativa da Bahia [&hellip;]<\/p>\n","protected":false},"author":7,"featured_media":9199,"comment_status":"open","ping_status":"open","sticky":false,"template":"","format":"standard","meta":{"footnotes":""},"categories":[20,1],"tags":[108],"class_list":["post-16213","post","type-post","status-publish","format-standard","has-post-thumbnail","hentry","category-bahia","category-noticias","tag-belmonte"],"_links":{"self":[{"href":"https:\/\/www.maisbn.com\/portal\/wp-json\/wp\/v2\/posts\/16213","targetHints":{"allow":["GET"]}}],"collection":[{"href":"https:\/\/www.maisbn.com\/portal\/wp-json\/wp\/v2\/posts"}],"about":[{"href":"https:\/\/www.maisbn.com\/portal\/wp-json\/wp\/v2\/types\/post"}],"author":[{"embeddable":true,"href":"https:\/\/www.maisbn.com\/portal\/wp-json\/wp\/v2\/users\/7"}],"replies":[{"embeddable":true,"href":"https:\/\/www.maisbn.com\/portal\/wp-json\/wp\/v2\/comments?post=16213"}],"version-history":[{"count":1,"href":"https:\/\/www.maisbn.com\/portal\/wp-json\/wp\/v2\/posts\/16213\/revisions"}],"predecessor-version":[{"id":16214,"href":"https:\/\/www.maisbn.com\/portal\/wp-json\/wp\/v2\/posts\/16213\/revisions\/16214"}],"wp:featuredmedia":[{"embeddable":true,"href":"https:\/\/www.maisbn.com\/portal\/wp-json\/wp\/v2\/media\/9199"}],"wp:attachment":[{"href":"https:\/\/www.maisbn.com\/portal\/wp-json\/wp\/v2\/media?parent=16213"}],"wp:term":[{"taxonomy":"category","embeddable":true,"href":"https:\/\/www.maisbn.com\/portal\/wp-json\/wp\/v2\/categories?post=16213"},{"taxonomy":"post_tag","embeddable":true,"href":"https:\/\/www.maisbn.com\/portal\/wp-json\/wp\/v2\/tags?post=16213"}],"curies":[{"name":"wp","href":"https:\/\/api.w.org\/{rel}","templated":true}]}}