{"id":16211,"date":"2017-09-11T17:18:13","date_gmt":"2017-09-11T20:18:13","guid":{"rendered":"http:\/\/www.maisbn.com\/portal\/?p=16211"},"modified":"2017-09-11T17:18:13","modified_gmt":"2017-09-11T20:18:13","slug":"vereador-alfredo-desmente-boatos-de-uma-guerra-entres-os-poderes-legislativo-e-executivo","status":"publish","type":"post","link":"https:\/\/www.maisbn.com\/portal\/2017\/09\/vereador-alfredo-desmente-boatos-de-uma-guerra-entres-os-poderes-legislativo-e-executivo\/","title":{"rendered":"Vereador Alfredo desmente boatos de uma guerra entres os Poderes Legislativo e Executivo."},"content":{"rendered":"<div id=\"attachment_13890\" style=\"width: 610px\" class=\"wp-caption aligncenter\"><a href=\"http:\/\/www.maisbn.com\/portal\/wp-content\/uploads\/2017\/02\/vereador_alfredo001.jpg\"><img loading=\"lazy\" decoding=\"async\" aria-describedby=\"caption-attachment-13890\" class=\" wp-image-13890\" src=\"http:\/\/www.maisbn.com\/portal\/wp-content\/uploads\/2017\/02\/vereador_alfredo001.jpg\" alt=\"Vereador Alfredo Aberceb.\" width=\"600\" height=\"380\" \/><\/a><p id=\"caption-attachment-13890\" class=\"wp-caption-text\">Vereador Alfredo Aberceb.<\/p><\/div>\n<p>A efervesc\u00eancia do mundo pol\u00edtico belmontense da \u00faltima semana causada pelas especula\u00e7\u00f5es de que haveria uma guerra declarada entre os dirigentes do poder legislativo e do poder executivo de Belmonte chegaram ao fim no final da manh\u00e3 dessa segunda-feira (11\/09) com a declara\u00e7\u00e3o do Vice-presidente Alfredo Aberceb que negou qualquer desaven\u00e7a com o Prefeito Janival Borges.<\/p>\n<p>Tudo come\u00e7ou na sess\u00e3o da C\u00e2mara de Vereadores da \u00faltima segunda-feira (03\/09) onde Alfredo e o Presidente Aelson Matos (Calango) disseram estar do lado do povo, cobraram melhorias no servi\u00e7o p\u00fablico municipal e que o Prefeito Janival Borges tomasse provid\u00eancias quanto ao funcionamento do Hospital de Barrol\u00e2ndia que corria o risco de ser fechado. Na ocasi\u00e3o foi criticada tamb\u00e9m a maneira que o gestor belmontense vinha tratando os vereadores onde o prefeito n\u00e3o respondia os of\u00edcios enviados e nem sancionava os projetos de lei elaborado pelos mesmos. Em resposta ao desabafo dos edis, o Prefeito Janival Borges emitiu uma nota \u00e0 imprensa dizendo que tamb\u00e9m estava do lado do povo e que esteve sempre \u00e0 disposi\u00e7\u00e3o dos vereadores para esclarecer seus atos e ouvir sugest\u00f5es, visto que, sempre marcou reuni\u00f5es para se discutir os problemas da cidade com os integrantes do legislativo.<\/p>\n<p>No final da manh\u00e3 dessa segunda-feira (11\/09) nossa equipe conseguiu entrar em contato com o Vereado Alfredo Aberceb e o mesmo colocou que essa guerra que muitos est\u00e3o apregoando pelas ruas da cidade na verdade n\u00e3o existe. O Vereador revelou que \u00e9 amigo do gestor belmontense independente de pol\u00edtica e sempre o achou um homem \u00edntegro, quer seja com seus amigos ou advers\u00e1rios. <em><strong>&#8220;O que vinha acontecendo era uma falha que j\u00e1 foi abordada e sanada. Infelizmente existem aquelas pessoas que torcem para o &#8220;Quanto pior, melhor&#8221; e n\u00e3o sabem que somos homens democr\u00e1ticos, que nos respeitamos e estamos juntos pelo desenvolvimento de Belmonte.&#8221;<\/strong> <\/em>&#8211; Comentou Alfredo.<\/p>\n<p>O vereador ainda nos contou que tem conhecimento da situa\u00e7\u00e3o de abandono que o Prefeito Janival Borges pegou e do seus esfor\u00e7os para sanar todos os problemas herdados da gest\u00e3o anterior. <strong>&#8220;<em>Eu n\u00e3o fui do grupo pol\u00edtico do Prefeito na elei\u00e7\u00e3o passada, mas reconhe\u00e7o todas as dificuldades que Janival est\u00e1 passando. Eu reafirmo agora o meu compromisso com o povo de Belmonte no intuito de sempre me posicionar a favor da comunidade e para isso tenho que auxiliar a gest\u00e3o municipal na busca por uma Belmonte melhor.&#8221;<\/em> <\/strong>&#8211; Finalizou Alfredo.<\/p>\n","protected":false},"excerpt":{"rendered":"<p>A efervesc\u00eancia do mundo pol\u00edtico belmontense da \u00faltima semana causada pelas especula\u00e7\u00f5es de que haveria uma guerra declarada entre os dirigentes do poder legislativo e do poder executivo de Belmonte chegaram ao fim no final da manh\u00e3 dessa segunda-feira (11\/09) com a declara\u00e7\u00e3o do Vice-presidente Alfredo Aberceb que negou qualquer desaven\u00e7a com o Prefeito Janival [&hellip;]<\/p>\n","protected":false},"author":7,"featured_media":13890,"comment_status":"open","ping_status":"open","sticky":false,"template":"","format":"standard","meta":{"footnotes":""},"categories":[1,7],"tags":[108],"class_list":["post-16211","post","type-post","status-publish","format-standard","has-post-thumbnail","hentry","category-noticias","category-politica","tag-belmonte"],"_links":{"self":[{"href":"https:\/\/www.maisbn.com\/portal\/wp-json\/wp\/v2\/posts\/16211","targetHints":{"allow":["GET"]}}],"collection":[{"href":"https:\/\/www.maisbn.com\/portal\/wp-json\/wp\/v2\/posts"}],"about":[{"href":"https:\/\/www.maisbn.com\/portal\/wp-json\/wp\/v2\/types\/post"}],"author":[{"embeddable":true,"href":"https:\/\/www.maisbn.com\/portal\/wp-json\/wp\/v2\/users\/7"}],"replies":[{"embeddable":true,"href":"https:\/\/www.maisbn.com\/portal\/wp-json\/wp\/v2\/comments?post=16211"}],"version-history":[{"count":1,"href":"https:\/\/www.maisbn.com\/portal\/wp-json\/wp\/v2\/posts\/16211\/revisions"}],"predecessor-version":[{"id":16212,"href":"https:\/\/www.maisbn.com\/portal\/wp-json\/wp\/v2\/posts\/16211\/revisions\/16212"}],"wp:featuredmedia":[{"embeddable":true,"href":"https:\/\/www.maisbn.com\/portal\/wp-json\/wp\/v2\/media\/13890"}],"wp:attachment":[{"href":"https:\/\/www.maisbn.com\/portal\/wp-json\/wp\/v2\/media?parent=16211"}],"wp:term":[{"taxonomy":"category","embeddable":true,"href":"https:\/\/www.maisbn.com\/portal\/wp-json\/wp\/v2\/categories?post=16211"},{"taxonomy":"post_tag","embeddable":true,"href":"https:\/\/www.maisbn.com\/portal\/wp-json\/wp\/v2\/tags?post=16211"}],"curies":[{"name":"wp","href":"https:\/\/api.w.org\/{rel}","templated":true}]}}