{"id":16187,"date":"2017-09-07T07:35:20","date_gmt":"2017-09-07T10:35:20","guid":{"rendered":"http:\/\/www.maisbn.com\/portal\/?p=16187"},"modified":"2017-09-07T07:39:12","modified_gmt":"2017-09-07T10:39:12","slug":"prefeitura-realiza-obras-de-recuperacao-do-aterro-sanitario-de-belmonte","status":"publish","type":"post","link":"https:\/\/www.maisbn.com\/portal\/2017\/09\/prefeitura-realiza-obras-de-recuperacao-do-aterro-sanitario-de-belmonte\/","title":{"rendered":"Prefeitura realiza obras de recupera\u00e7\u00e3o do aterro sanit\u00e1rio de Belmonte."},"content":{"rendered":"<p><a href=\"http:\/\/www.maisbn.com\/portal\/wp-content\/uploads\/2017\/09\/lixaorecuperacao200004.jpg\"><img loading=\"lazy\" decoding=\"async\" class=\"aligncenter wp-image-16189\" src=\"http:\/\/www.maisbn.com\/portal\/wp-content\/uploads\/2017\/09\/lixaorecuperacao200004.jpg\" alt=\"lixaorecuperacao200004\" width=\"600\" height=\"385\" \/><\/a><\/p>\n<p>A Prefeitura Municipal de Belmonte j\u00e1 come\u00e7ou os trabalhos de recupera\u00e7\u00e3o do aterro sanit\u00e1rio do munic\u00edpio, localizado \u00e0s margens da BA-275, que por falta da manuten\u00e7\u00e3o adequada, virou um verdadeiro lix\u00e3o causando perigo ao meio ambiente e \u00e0 sa\u00fade da comunidade. O Aterro Sanit\u00e1rio foi inaugurado na \u00e9poca em que o Deputado Estadual J\u00e2nio Natal era prefeito de Belmonte, onde contava com o manejo adequado dos dejetos, capta\u00e7\u00e3o de g\u00e1s e chorume. Infelizmente a manuten\u00e7\u00e3o do local parou de ser feita com o passar dos anos e o aterro, que era considerado um dos melhores da regi\u00e3o, se tornou um local cr\u00edtico de polui\u00e7\u00e3o e dissemina\u00e7\u00e3o de doen\u00e7as.<\/p>\n<p><a href=\"http:\/\/www.maisbn.com\/portal\/wp-content\/uploads\/2017\/09\/mosaico_recuperacaolixao.jpg\"><img loading=\"lazy\" decoding=\"async\" class=\"aligncenter wp-image-16190\" src=\"http:\/\/www.maisbn.com\/portal\/wp-content\/uploads\/2017\/09\/mosaico_recuperacaolixao.jpg\" alt=\"mosaico_recuperacaolixao\" width=\"600\" height=\"386\" \/><\/a><\/p>\n<p>O Prefeito Janival Borges, acompanhado do Presidente da C\u00e2mara Aelson Matos (Calango), do Vereador Rog\u00e9rio Bahia e do Secret\u00e1rio Municipal de Infraestrutura Luciano Alves, visitou o local e aprovou os trabalhos que est\u00e3o sendo realizados. O Sr. Luciano Alves explicou a todos as a\u00e7\u00f5es que estavam sendo feitas e que o investimento da gest\u00e3o municipal iria mudar a situa\u00e7\u00e3o de abandono em que o aterro sanit\u00e1rio de encontrava. <strong><em>&#8220;Estamos investindo pesado e muito trabalho est\u00e1 sendo feito para adequar o funcionamento desse local de acordo com as exig\u00eancias das leis ambientais. Isso aqui \u00e9 um caso de sa\u00fade p\u00fablica e de polui\u00e7\u00e3o do meio ambiente e n\u00e3o pod\u00edamos deixar como estava onde a situa\u00e7\u00e3o de abandono podia ser notada quando a gente passava pela estrada e via muito lixo voando pela pista.&#8221;<\/em><\/strong> &#8211; Comentou o Secret\u00e1rio.<\/p>\n","protected":false},"excerpt":{"rendered":"<p>A Prefeitura Municipal de Belmonte j\u00e1 come\u00e7ou os trabalhos de recupera\u00e7\u00e3o do aterro sanit\u00e1rio do munic\u00edpio, localizado \u00e0s margens da BA-275, que por falta da manuten\u00e7\u00e3o adequada, virou um verdadeiro lix\u00e3o causando perigo ao meio ambiente e \u00e0 sa\u00fade da comunidade. O Aterro Sanit\u00e1rio foi inaugurado na \u00e9poca em que o Deputado Estadual J\u00e2nio Natal [&hellip;]<\/p>\n","protected":false},"author":7,"featured_media":16188,"comment_status":"open","ping_status":"open","sticky":false,"template":"","format":"standard","meta":{"footnotes":""},"categories":[45,1],"tags":[108],"class_list":["post-16187","post","type-post","status-publish","format-standard","has-post-thumbnail","hentry","category-cidades","category-noticias","tag-belmonte"],"_links":{"self":[{"href":"https:\/\/www.maisbn.com\/portal\/wp-json\/wp\/v2\/posts\/16187","targetHints":{"allow":["GET"]}}],"collection":[{"href":"https:\/\/www.maisbn.com\/portal\/wp-json\/wp\/v2\/posts"}],"about":[{"href":"https:\/\/www.maisbn.com\/portal\/wp-json\/wp\/v2\/types\/post"}],"author":[{"embeddable":true,"href":"https:\/\/www.maisbn.com\/portal\/wp-json\/wp\/v2\/users\/7"}],"replies":[{"embeddable":true,"href":"https:\/\/www.maisbn.com\/portal\/wp-json\/wp\/v2\/comments?post=16187"}],"version-history":[{"count":3,"href":"https:\/\/www.maisbn.com\/portal\/wp-json\/wp\/v2\/posts\/16187\/revisions"}],"predecessor-version":[{"id":16193,"href":"https:\/\/www.maisbn.com\/portal\/wp-json\/wp\/v2\/posts\/16187\/revisions\/16193"}],"wp:featuredmedia":[{"embeddable":true,"href":"https:\/\/www.maisbn.com\/portal\/wp-json\/wp\/v2\/media\/16188"}],"wp:attachment":[{"href":"https:\/\/www.maisbn.com\/portal\/wp-json\/wp\/v2\/media?parent=16187"}],"wp:term":[{"taxonomy":"category","embeddable":true,"href":"https:\/\/www.maisbn.com\/portal\/wp-json\/wp\/v2\/categories?post=16187"},{"taxonomy":"post_tag","embeddable":true,"href":"https:\/\/www.maisbn.com\/portal\/wp-json\/wp\/v2\/tags?post=16187"}],"curies":[{"name":"wp","href":"https:\/\/api.w.org\/{rel}","templated":true}]}}