{"id":16172,"date":"2017-09-06T23:46:35","date_gmt":"2017-09-07T02:46:35","guid":{"rendered":"http:\/\/www.maisbn.com\/portal\/?p=16172"},"modified":"2017-09-06T23:57:56","modified_gmt":"2017-09-07T02:57:56","slug":"vereadores-se-mostram-preocupados-com-os-problemas-vividos-por-belmonte","status":"publish","type":"post","link":"https:\/\/www.maisbn.com\/portal\/2017\/09\/vereadores-se-mostram-preocupados-com-os-problemas-vividos-por-belmonte\/","title":{"rendered":"Vereadores se mostram preocupados com os problemas vividos por Belmonte."},"content":{"rendered":"<p>A sess\u00e3o da C\u00e2mara de Vereadores de Belmonte na \u00faltima segunda-feira (04\/09) esteve envolvida em um clima de preocupa\u00e7\u00e3o por parte dos legisladores belmontenses com rela\u00e7\u00e3o \u00e0 administra\u00e7\u00e3o municipal. Grande parte dos vereadores que usaram a tribuna e exigiram provid\u00eancias por parte do Prefeito Janival Borges para resolver as pend\u00eancias da cidade.<\/p>\n<p><a href=\"http:\/\/www.maisbn.com\/portal\/wp-content\/uploads\/2017\/02\/vereador_calango002.jpg\"><img loading=\"lazy\" decoding=\"async\" class=\"aligncenter wp-image-13894\" src=\"http:\/\/www.maisbn.com\/portal\/wp-content\/uploads\/2017\/02\/vereador_calango002.jpg\" alt=\"vereador_calango002\" width=\"602\" height=\"381\" \/><\/a><\/p>\n<p>O Vereador Aelson Matos (Calango), Presidente da C\u00e2mara, criticou duramente a situa\u00e7\u00e3o do Hospital de Barrol\u00e2ndia e colocou que o Prefeito Janival Borges tem que tomar provid\u00eancias e preservar o funcionamento da unidade. Calango deixou claro que est\u00e1 ao lado da popula\u00e7\u00e3o e que sempre estar\u00e1 cobrando melhorias e solu\u00e7\u00f5es para os problemas da cidade.<strong><em>&#8220;N\u00f3s trabalhamos para o povo e pelo povo. O cidad\u00e3o na rua pressiona o Vereador e temos que d\u00e1 uma resposta para os questionamentos da comunidade.&#8221;<\/em><\/strong> &#8211; Comentou o Vereador.<\/p>\n<div id=\"attachment_13890\" style=\"width: 610px\" class=\"wp-caption aligncenter\"><a href=\"http:\/\/www.maisbn.com\/portal\/wp-content\/uploads\/2017\/02\/vereador_alfredo001.jpg\"><img loading=\"lazy\" decoding=\"async\" aria-describedby=\"caption-attachment-13890\" class=\" wp-image-13890\" src=\"http:\/\/www.maisbn.com\/portal\/wp-content\/uploads\/2017\/02\/vereador_alfredo001.jpg\" alt=\"Vereador Alfredo Aberceb.\" width=\"600\" height=\"380\" \/><\/a><p id=\"caption-attachment-13890\" class=\"wp-caption-text\">Vereador Alfredo Aberceb.<\/p><\/div>\n<p>O Vice-presidente e Vereador Alfredo Aberceb tamb\u00e9m foi duro em suas palavras e salientou que o Poder Legislativo n\u00e3o vai ser omisso para o que est\u00e1 acontecendo e que estar\u00e1 sempre do lado do povo. <strong><em>&#8220;N\u00f3s aqui representamos o povo belmontense. Eu espero que o Prefeito n\u00e3o esque\u00e7a disso, ali\u00e1s, ele n\u00e3o pode esquecer disso.&#8221;<\/em><\/strong> Alfredo ainda criticou a forma que o Prefeito Janival Borges trata os projetos de lei que v\u00eam do Legislativo, segundo ele, a C\u00e2mara de Vereadores vota rapidamente os Projetos do Executivo que s\u00e3o do interesse da comunidade, j\u00e1 o prefeito, simplesmente ignora os projetos do Legislativo. <strong><em>&#8220;A maioria dos Projetos votados aqui n\u00e3o oneram o munic\u00edpio, mas o prefeito n\u00e3o veta e nem sanciona. Apenas ignora o trabalho do Vereador.&#8221;<\/em><\/strong> &#8211; Comentou Alfredo.<\/p>\n<div id=\"attachment_16177\" style=\"width: 610px\" class=\"wp-caption aligncenter\"><a href=\"http:\/\/www.maisbn.com\/portal\/wp-content\/uploads\/2017\/09\/quiosquedapraca00001.jpg\"><img loading=\"lazy\" decoding=\"async\" aria-describedby=\"caption-attachment-16177\" class=\"wp-image-16177\" src=\"http:\/\/www.maisbn.com\/portal\/wp-content\/uploads\/2017\/09\/quiosquedapraca00001.jpg\" alt=\"quiosquedapraca00001\" width=\"600\" height=\"385\" \/><\/a><p id=\"caption-attachment-16177\" class=\"wp-caption-text\">Quiosque da Pra\u00e7a da Matriz<\/p><\/div>\n<p>Alfredo tamb\u00e9m comentou que estava indo \u00e0 Veracel conversar com o Sr. Pedro Cardoso, diretor da empresa. O objetivo da visita \u00e9 pedir uma draga para conseguir abrir a barra do Rio Jequitinhonha e tentar minimizar os efeitos da eros\u00e3o que est\u00e1 ocorrendo na Praia do Mar Moreno. Tamb\u00e9m foi criticado durante a sess\u00e3o a situa\u00e7\u00e3o do quiosque da Pra\u00e7a da Matriz, que est\u00e1 sob a responsabilidade de uma funcion\u00e1ria da Prefeitura e permanece fechado ao inv\u00e9s de ser dado a um dos propriet\u00e1rios das barracas de praia que est\u00e3o sendo levadas pelo avan\u00e7o do mar.<\/p>\n<p><a href=\"http:\/\/www.maisbn.com\/portal\/wp-content\/uploads\/2015\/08\/camaraemprestimo_0041.jpg\"><img loading=\"lazy\" decoding=\"async\" class=\"aligncenter wp-image-8312\" src=\"http:\/\/www.maisbn.com\/portal\/wp-content\/uploads\/2015\/08\/camaraemprestimo_0041.jpg\" alt=\"camaraemprestimo_0041\" width=\"600\" height=\"380\" \/><\/a><\/p>\n<p>No encerramento dos trabalhos do dia todos os vereadores presentes revelaram que continuar\u00e3o defendendo os interesses de Belmonte e que as cobran\u00e7as v\u00e3o continuar acontecendo no intuito de garantir que os direitos dos belmontenses sejam respeitados.<\/p>\n<p>&nbsp;<\/p>\n<p>&nbsp;<\/p>\n","protected":false},"excerpt":{"rendered":"<p>A sess\u00e3o da C\u00e2mara de Vereadores de Belmonte na \u00faltima segunda-feira (04\/09) esteve envolvida em um clima de preocupa\u00e7\u00e3o por parte dos legisladores belmontenses com rela\u00e7\u00e3o \u00e0 administra\u00e7\u00e3o municipal. Grande parte dos vereadores que usaram a tribuna e exigiram provid\u00eancias por parte do Prefeito Janival Borges para resolver as pend\u00eancias da cidade. O Vereador Aelson [&hellip;]<\/p>\n","protected":false},"author":7,"featured_media":14199,"comment_status":"open","ping_status":"open","sticky":false,"template":"","format":"standard","meta":{"footnotes":""},"categories":[1,7],"tags":[108],"class_list":["post-16172","post","type-post","status-publish","format-standard","has-post-thumbnail","hentry","category-noticias","category-politica","tag-belmonte"],"_links":{"self":[{"href":"https:\/\/www.maisbn.com\/portal\/wp-json\/wp\/v2\/posts\/16172","targetHints":{"allow":["GET"]}}],"collection":[{"href":"https:\/\/www.maisbn.com\/portal\/wp-json\/wp\/v2\/posts"}],"about":[{"href":"https:\/\/www.maisbn.com\/portal\/wp-json\/wp\/v2\/types\/post"}],"author":[{"embeddable":true,"href":"https:\/\/www.maisbn.com\/portal\/wp-json\/wp\/v2\/users\/7"}],"replies":[{"embeddable":true,"href":"https:\/\/www.maisbn.com\/portal\/wp-json\/wp\/v2\/comments?post=16172"}],"version-history":[{"count":7,"href":"https:\/\/www.maisbn.com\/portal\/wp-json\/wp\/v2\/posts\/16172\/revisions"}],"predecessor-version":[{"id":16180,"href":"https:\/\/www.maisbn.com\/portal\/wp-json\/wp\/v2\/posts\/16172\/revisions\/16180"}],"wp:featuredmedia":[{"embeddable":true,"href":"https:\/\/www.maisbn.com\/portal\/wp-json\/wp\/v2\/media\/14199"}],"wp:attachment":[{"href":"https:\/\/www.maisbn.com\/portal\/wp-json\/wp\/v2\/media?parent=16172"}],"wp:term":[{"taxonomy":"category","embeddable":true,"href":"https:\/\/www.maisbn.com\/portal\/wp-json\/wp\/v2\/categories?post=16172"},{"taxonomy":"post_tag","embeddable":true,"href":"https:\/\/www.maisbn.com\/portal\/wp-json\/wp\/v2\/tags?post=16172"}],"curies":[{"name":"wp","href":"https:\/\/api.w.org\/{rel}","templated":true}]}}