{"id":16167,"date":"2017-09-05T22:26:15","date_gmt":"2017-09-06T01:26:15","guid":{"rendered":"http:\/\/www.maisbn.com\/portal\/?p=16167"},"modified":"2017-09-05T22:26:15","modified_gmt":"2017-09-06T01:26:15","slug":"prefeito-janival-borges-entrega-novos-instrumentos-musicais-as-criancas-atendidas-pelo-cras","status":"publish","type":"post","link":"https:\/\/www.maisbn.com\/portal\/2017\/09\/prefeito-janival-borges-entrega-novos-instrumentos-musicais-as-criancas-atendidas-pelo-cras\/","title":{"rendered":"Prefeito Janival Borges entrega novos instrumentos musicais \u00e0s crian\u00e7as atendidas pelo CRAS."},"content":{"rendered":"<p>O Prefeito Janival Borges entregou no come\u00e7o da noite dessa ter\u00e7a-feira (05\/09) os novos instrumentos musicais que servir\u00e3o para as crian\u00e7as atendidas pelo Servi\u00e7o de Fortalecimento e V\u00ednculo do Centro de Refer\u00eancia e Assist\u00eancia Social (CRAS). Os instrumentos foram comprados com verbas pr\u00f3prias do munic\u00edpio e o gestor belmontense fez quest\u00e3o de entrega-los pessoalmente \u00e0s crian\u00e7as que ficaram muito felizes pelo presente.<\/p>\n<p><a href=\"http:\/\/www.maisbn.com\/portal\/wp-content\/uploads\/2017\/09\/instrumentoscras00006.jpg\"><img loading=\"lazy\" decoding=\"async\" class=\"aligncenter  wp-image-16168\" src=\"http:\/\/www.maisbn.com\/portal\/wp-content\/uploads\/2017\/09\/instrumentoscras00006.jpg\" alt=\"instrumentoscras00006\" width=\"600\" height=\"385\" \/><\/a><\/p>\n<p>O Prefeito Janival Borges esteve acompanhado do Vereador Aelson Matos (Calango), Presidente da C\u00e2mara e do Vice-presidente e Vereador Alfredo Aberceb. Tamb\u00e9m estiveram presentes alguns secret\u00e1rios e funcion\u00e1rios do CRAS que desenvolvem o atendimento \u00e0s crian\u00e7as.<\/p>\n<p><a href=\"http:\/\/www.maisbn.com\/portal\/wp-content\/uploads\/2017\/09\/mosaico_cras.jpg\"><img loading=\"lazy\" decoding=\"async\" class=\"aligncenter  wp-image-16169\" src=\"http:\/\/www.maisbn.com\/portal\/wp-content\/uploads\/2017\/09\/mosaico_cras.jpg\" alt=\"mosaico_cras\" width=\"600\" height=\"386\" \/><\/a><\/p>\n<p>O gestor belmontense se mostrou contagiado com a alegria das crian\u00e7as quando viram os presentes e revelou que era gratificante estar ajudando a contribuir com o desenvolvimento do futuro de Belmonte. &#8220;Essas crian\u00e7as s\u00e3o o futuro de nossa cidade e me sinto muito feliz por estar ajudando esse trabalho t\u00e3o lindo. Tamb\u00e9m parabenizo a todos os profissionais presentes que se dedicam todos os dias para dar um novo rumo ao futuro desses jovens. O trabalho que \u00e9 realizado aqui salva vida, salva fam\u00edlias e ajuda a formar cidad\u00e3os de bem. \u00c9 por isso que eu fa\u00e7o quest\u00e3o de estar aqui entregando esses instrumentos e plantando a semente da cidadania no cora\u00e7\u00e3o de cada um desses jovens.&#8221; &#8211; Comentou o Prefeito.<\/p>\n<p><a href=\"http:\/\/www.maisbn.com\/portal\/wp-content\/uploads\/2017\/09\/mosaico_cras02.jpg\"><img loading=\"lazy\" decoding=\"async\" class=\"aligncenter  wp-image-16170\" src=\"http:\/\/www.maisbn.com\/portal\/wp-content\/uploads\/2017\/09\/mosaico_cras02.jpg\" alt=\"mosaico_cras02\" width=\"600\" height=\"386\" \/><\/a><\/p>\n<p>As crian\u00e7as, em agradecimento, fizeram uma apresenta\u00e7\u00e3o ainda com os instrumentos antigos. Os novos ser\u00e3o afinados e preparados para serem usados no desfile de 07 de Setembro onde todos os jovens atendidos pelo CRAS participar\u00e3o devidamente paramentados para o evento c\u00edvico.<\/p>\n","protected":false},"excerpt":{"rendered":"<p>O Prefeito Janival Borges entregou no come\u00e7o da noite dessa ter\u00e7a-feira (05\/09) os novos instrumentos musicais que servir\u00e3o para as crian\u00e7as atendidas pelo Servi\u00e7o de Fortalecimento e V\u00ednculo do Centro de Refer\u00eancia e Assist\u00eancia Social (CRAS). Os instrumentos foram comprados com verbas pr\u00f3prias do munic\u00edpio e o gestor belmontense fez quest\u00e3o de entrega-los pessoalmente \u00e0s [&hellip;]<\/p>\n","protected":false},"author":7,"featured_media":16168,"comment_status":"open","ping_status":"open","sticky":false,"template":"","format":"standard","meta":{"footnotes":""},"categories":[8,1],"tags":[108],"class_list":["post-16167","post","type-post","status-publish","format-standard","has-post-thumbnail","hentry","category-educacao","category-noticias","tag-belmonte"],"_links":{"self":[{"href":"https:\/\/www.maisbn.com\/portal\/wp-json\/wp\/v2\/posts\/16167","targetHints":{"allow":["GET"]}}],"collection":[{"href":"https:\/\/www.maisbn.com\/portal\/wp-json\/wp\/v2\/posts"}],"about":[{"href":"https:\/\/www.maisbn.com\/portal\/wp-json\/wp\/v2\/types\/post"}],"author":[{"embeddable":true,"href":"https:\/\/www.maisbn.com\/portal\/wp-json\/wp\/v2\/users\/7"}],"replies":[{"embeddable":true,"href":"https:\/\/www.maisbn.com\/portal\/wp-json\/wp\/v2\/comments?post=16167"}],"version-history":[{"count":1,"href":"https:\/\/www.maisbn.com\/portal\/wp-json\/wp\/v2\/posts\/16167\/revisions"}],"predecessor-version":[{"id":16171,"href":"https:\/\/www.maisbn.com\/portal\/wp-json\/wp\/v2\/posts\/16167\/revisions\/16171"}],"wp:featuredmedia":[{"embeddable":true,"href":"https:\/\/www.maisbn.com\/portal\/wp-json\/wp\/v2\/media\/16168"}],"wp:attachment":[{"href":"https:\/\/www.maisbn.com\/portal\/wp-json\/wp\/v2\/media?parent=16167"}],"wp:term":[{"taxonomy":"category","embeddable":true,"href":"https:\/\/www.maisbn.com\/portal\/wp-json\/wp\/v2\/categories?post=16167"},{"taxonomy":"post_tag","embeddable":true,"href":"https:\/\/www.maisbn.com\/portal\/wp-json\/wp\/v2\/tags?post=16167"}],"curies":[{"name":"wp","href":"https:\/\/api.w.org\/{rel}","templated":true}]}}