{"id":16072,"date":"2017-08-29T11:05:12","date_gmt":"2017-08-29T14:05:12","guid":{"rendered":"http:\/\/www.maisbn.com\/portal\/?p=16072"},"modified":"2017-08-29T11:05:12","modified_gmt":"2017-08-29T14:05:12","slug":"encontro-sobre-os-beneficios-da-silvicultura-em-itamaraju","status":"publish","type":"post","link":"https:\/\/www.maisbn.com\/portal\/2017\/08\/encontro-sobre-os-beneficios-da-silvicultura-em-itamaraju\/","title":{"rendered":"Encontro sobre os benef\u00edcios da silvicultura em Itamaraju."},"content":{"rendered":"<p><strong><em>Programa Ambiente Florestal Sustent\u00e1vel promove reuni\u00e3o na C\u00e2mara de Vereadores de Itamaraju (BA)<\/em><\/strong><\/p>\n<p>\u2018Oportunidades de neg\u00f3cios na cadeia produtiva da silvicultura (bens madeireiros e n\u00e3o-madeireiros) e seus benef\u00edcios para a regi\u00e3o de Itamaraju (BA)\u2019. Este \u00e9 o tema da reuni\u00e3o que o Programa Ambiente Florestal Sustent\u00e1vel (PAFS) &#8211; uma iniciativa da Associa\u00e7\u00e3o Baiana das Empresas de Base Florestal (ABAF) &#8211; realiza no dia 30\/08, \u00e0s 18h, na C\u00e2mara de Vereadores de Itamaraju (Pra\u00e7a Independ\u00eancia, 244). O encontro, que tem parceria do Sindicato Rural de Itamaraju e apoio da C\u00e2mara de Vereadores e da Prefeitura de Itamaraju,\u00a0\u00e9 aberto ao p\u00fablico interessado em conhecer mais sobre a silvicultura. As inscri\u00e7\u00f5es s\u00e3o gratuitas, mas as vagas limitadas. As inscri\u00e7\u00f5es devem ser feitas atrav\u00e9s do telefone do Sindicato Rural de Itamaraju: (73) 3294-1302.<\/p>\n<p><a href=\"http:\/\/www.maisbn.com\/portal\/wp-content\/uploads\/2017\/08\/cartaz_itamaraju01.jpg\"><img loading=\"lazy\" decoding=\"async\" class=\"aligncenter size-full wp-image-16073\" src=\"http:\/\/www.maisbn.com\/portal\/wp-content\/uploads\/2017\/08\/cartaz_itamaraju01.jpg\" alt=\"cartaz_itamaraju01\" width=\"707\" height=\"353\" srcset=\"https:\/\/www.maisbn.com\/portal\/wp-content\/uploads\/2017\/08\/cartaz_itamaraju01.jpg 707w, https:\/\/www.maisbn.com\/portal\/wp-content\/uploads\/2017\/08\/cartaz_itamaraju01-350x175.jpg 350w\" sizes=\"auto, (max-width: 707px) 100vw, 707px\" \/><\/a><\/p>\n<p>O programa inclui: \u2018Apresenta\u00e7\u00e3o sobre o Setor Florestal na Bahia e Brasil\u2019, por Wilson Andrade (Diretor Executivo da ABAF); \u2018Programa Ambiente Florestal Sustent\u00e1vel\u2019, por Paulo Andrade (Coordenador do programa); \u2018Manejo Florestal Sustent\u00e1vel\u2019, por Gleyson Ara\u00fajo (Produtor Rural &#8211; Associa\u00e7\u00e3o dos Produtores de Eucalipto do Extremo Sul da Bahia &#8211; Aspex); \u2018Aspectos Sociais, Econ\u00f4micos e Ambientais das Planta\u00e7\u00f5es Florestais\u2019, por Sebasti\u00e3o Valverde (Universidade Federal de Vi\u00e7osa); \u2018Regulariza\u00e7\u00e3o e Licenciamento Ambiental\u2019, por Leandro Mosello Lima (Consultor Jur\u00eddico) e, no final, tempo para perguntas. O evento est\u00e1 programado para encerrar \u00e0s 21h.<\/p>\n<p>\u201cEste tipo de evento \u00e9 importante para Itamaraju que tem o agroneg\u00f3cio como a base da sua economia. O plantio de florestas pode vir a incrementar nosso crescimento, gerando mais emprego e renda. E, com tudo isso, ajudar a cidade a despontar no Extremo Sul da Bahia como um lugar ideal para o agroneg\u00f3cio e o plantio de florestas, especialmente por nossas excelentes condi\u00e7\u00f5es edafoclim\u00e1icas\u201d, declara o presidente do Sindicato Rural de Itamaraju, Everaldo Melo.<\/p>\n<p>De acordo com o diretor executivo da Associa\u00e7\u00e3o Baiana das Empresas de Base Florestal (ABAF), Wilson Andrade, a Bahia ainda n\u00e3o produz (e processa) a madeira plantada suficiente no estado e muito disso se d\u00e1 pela falta de conhecimento sobre o setor e suas vantagens. \u201cTrabalhamos, inclusive, para a inclus\u00e3o dos pequenos e m\u00e9dios produtores e processadores de madeira para uso m\u00faltiplo, visando o atendimento da demanda por m\u00f3veis, pe\u00e7as e partes de madeira na Bahia &#8211; hoje atendida, na sua maior parte, por outros estados brasileiros\u201d, explica.<\/p>\n<p>O setor, al\u00e9m dos aspectos econ\u00f4micos, gera impacto positivo no que diz respeito ao meio ambiente, compromisso social e qualidade de vida. \u00c1rvores plantadas s\u00e3o cultivadas atendendo a planos de manejo sustent\u00e1vel que tem como objetivo reduzir os impactos ambientais e promover o desenvolvimento econ\u00f4mico e social das comunidades vizinhas. Plantadas para evitar a press\u00e3o e degrada\u00e7\u00e3o de ecossistemas naturais, as florestas contribuem ainda para o fornecimento de biomassa florestal, lenha e carv\u00e3o de origem vegetal.<\/p>\n<p>Os plantios de \u00e1rvores desempenham importante papel na presta\u00e7\u00e3o de servi\u00e7os ambientais: evitam o desmatamento de h\u00e1bitats naturais, protegendo assim a biodiversidade; preservam o solo e as nascentes de rios; recuperam \u00e1reas degradadas; s\u00e3o fontes de energia renov\u00e1vel e contribuem para a redu\u00e7\u00e3o das emiss\u00f5es de gases causadores do efeito estufa por serem estoques naturais de carbono.<\/p>\n<p><a href=\"http:\/\/www.maisbn.com\/portal\/wp-content\/uploads\/2017\/08\/cartaz_itamaraju.jpg\"><img loading=\"lazy\" decoding=\"async\" class=\"aligncenter  wp-image-16074\" src=\"http:\/\/www.maisbn.com\/portal\/wp-content\/uploads\/2017\/08\/cartaz_itamaraju-638x900.jpg\" alt=\"cartaz_itamaraju\" width=\"600\" height=\"846\" srcset=\"https:\/\/www.maisbn.com\/portal\/wp-content\/uploads\/2017\/08\/cartaz_itamaraju-638x900.jpg 638w, https:\/\/www.maisbn.com\/portal\/wp-content\/uploads\/2017\/08\/cartaz_itamaraju.jpg 707w\" sizes=\"auto, (max-width: 600px) 100vw, 600px\" \/><\/a><\/p>\n<p><strong>O Programa<\/strong> &#8211; O PAFS \u00e9 um programa coordenado pela ABAF em parceria com a ADAB e vem trabalhando temas relativos \u00e0 educa\u00e7\u00e3o ambiental em comunidades rurais, como: Uso M\u00faltiplo da Floresta Plantada; Regulamenta\u00e7\u00e3o Ambiental das Propriedades Rurais (C\u00f3digo Florestal\/ CAR\/ Cefir); Integra\u00e7\u00e3o Lavoura, Pecu\u00e1ria e Floresta (iLPF)\/Agricultura de Baixo Carbono (Plano ABC); Preserva\u00e7\u00e3o dos Recursos H\u00eddricos; Preven\u00e7\u00e3o e Controle de Inc\u00eandios Florestais; Controle de Gado nas \u00c1reas de Preserva\u00e7\u00e3o; Combate ao Carv\u00e3o Ilegal e Programa Fitossanit\u00e1rio de Controle de Pragas.<\/p>\n<p>O resultado tem sido muito positivo gra\u00e7as \u00e0s parcerias feitas com o Governo do Estado, atrav\u00e9s da Seagri e ADAB; Sindicados Rurais da FAEB\/Senar; e Prefeituras, atrav\u00e9s de suas secretarias de agricultura e meio ambiente. \u00a0\u201cAcreditamos que a responsabilidade de uma produ\u00e7\u00e3o rural sustent\u00e1vel tem que ser de todos n\u00f3s\u201d, acrescenta Andrade.\u00a0 O PAFS conta com uma equipe de engenheiros (agr\u00f4nomos e florestais) que vem trabalhando com uma estrutura formada por ve\u00edculos, equipamentos audiovisuais, campanha publicit\u00e1ria e material informativo. Ap\u00f3s intenso trabalho em cerca de 1 ano, o PAFS percorreu mais de\u00a0103 mil quil\u00f4metros, realizou cerca de 114 treinamentos em aproximadamente 100 comunidades,\u00a0instruindo cerca de 4 mil produtores rurais\u00a0de frutas, eucalipto, caf\u00e9, entre outras culturas, da regi\u00e3o.<\/p>\n<p><strong><u>Para mais informa\u00e7\u00f5es<\/u><\/strong><u>:<\/u> Site (<a href=\"http:\/\/abaf.org.br\" data-saferedirecturl=\"https:\/\/www.google.com\/url?hl=pt-BR&amp;q=http:\/\/abaf.org.br&amp;source=gmail&amp;ust=1504101204487000&amp;usg=AFQjCNGEoAN-zqpLA_HNvMxHWJu3_gu25g\">abaf.org.br<\/a>) e nos canais ABAF no Facebook, YouTube, Issuu\u00a0 e SoundCloud<\/p>\n<p>Yara Vasku \u2013 Comunica\u00e7\u00e3o ABAF &#8211; (71) 3342-6102\/ 99119-7746\/ <a href=\"mailto:yaravasku.abaf@gmail.com\">yaravasku.abaf@gmail.com<\/a><\/p>\n<p>Wilson Andrade \u2013 Diretor Executivo ABAF &#8211; (71) 3342-6102\/ 98801-3000 \/ <a href=\"mailto:wilsonandrade@terra.com.br\">wilsonandrade@terra.com.br<\/a><\/p>\n<p>&nbsp;<\/p>\n","protected":false},"excerpt":{"rendered":"<p>Programa Ambiente Florestal Sustent\u00e1vel promove reuni\u00e3o na C\u00e2mara de Vereadores de Itamaraju (BA) \u2018Oportunidades de neg\u00f3cios na cadeia produtiva da silvicultura (bens madeireiros e n\u00e3o-madeireiros) e seus benef\u00edcios para a regi\u00e3o de Itamaraju (BA)\u2019. Este \u00e9 o tema da reuni\u00e3o que o Programa Ambiente Florestal Sustent\u00e1vel (PAFS) &#8211; uma iniciativa da Associa\u00e7\u00e3o Baiana das Empresas [&hellip;]<\/p>\n","protected":false},"author":7,"featured_media":16073,"comment_status":"open","ping_status":"open","sticky":false,"template":"","format":"standard","meta":{"footnotes":""},"categories":[45,1],"tags":[108],"class_list":["post-16072","post","type-post","status-publish","format-standard","has-post-thumbnail","hentry","category-cidades","category-noticias","tag-belmonte"],"_links":{"self":[{"href":"https:\/\/www.maisbn.com\/portal\/wp-json\/wp\/v2\/posts\/16072","targetHints":{"allow":["GET"]}}],"collection":[{"href":"https:\/\/www.maisbn.com\/portal\/wp-json\/wp\/v2\/posts"}],"about":[{"href":"https:\/\/www.maisbn.com\/portal\/wp-json\/wp\/v2\/types\/post"}],"author":[{"embeddable":true,"href":"https:\/\/www.maisbn.com\/portal\/wp-json\/wp\/v2\/users\/7"}],"replies":[{"embeddable":true,"href":"https:\/\/www.maisbn.com\/portal\/wp-json\/wp\/v2\/comments?post=16072"}],"version-history":[{"count":1,"href":"https:\/\/www.maisbn.com\/portal\/wp-json\/wp\/v2\/posts\/16072\/revisions"}],"predecessor-version":[{"id":16075,"href":"https:\/\/www.maisbn.com\/portal\/wp-json\/wp\/v2\/posts\/16072\/revisions\/16075"}],"wp:featuredmedia":[{"embeddable":true,"href":"https:\/\/www.maisbn.com\/portal\/wp-json\/wp\/v2\/media\/16073"}],"wp:attachment":[{"href":"https:\/\/www.maisbn.com\/portal\/wp-json\/wp\/v2\/media?parent=16072"}],"wp:term":[{"taxonomy":"category","embeddable":true,"href":"https:\/\/www.maisbn.com\/portal\/wp-json\/wp\/v2\/categories?post=16072"},{"taxonomy":"post_tag","embeddable":true,"href":"https:\/\/www.maisbn.com\/portal\/wp-json\/wp\/v2\/tags?post=16072"}],"curies":[{"name":"wp","href":"https:\/\/api.w.org\/{rel}","templated":true}]}}