{"id":16067,"date":"2017-08-28T19:26:22","date_gmt":"2017-08-28T22:26:22","guid":{"rendered":"http:\/\/www.maisbn.com\/portal\/?p=16067"},"modified":"2017-08-29T00:29:18","modified_gmt":"2017-08-29T03:29:18","slug":"policia-civil-de-belmonte-prende-individuo-envolvido-com-o-trafico-de-drogas-no-bairro-sao-benedito","status":"publish","type":"post","link":"https:\/\/www.maisbn.com\/portal\/2017\/08\/policia-civil-de-belmonte-prende-individuo-envolvido-com-o-trafico-de-drogas-no-bairro-sao-benedito\/","title":{"rendered":"Pol\u00edcia Civil de Belmonte prende indiv\u00edduo envolvido com o tr\u00e1fico de drogas no Bairro S\u00e3o Benedito."},"content":{"rendered":"<p><a href=\"http:\/\/www.maisbn.com\/portal\/wp-content\/uploads\/2017\/08\/marcola00001-e1503976303771.jpg\"><img loading=\"lazy\" decoding=\"async\" class=\"aligncenter size-full wp-image-16068\" src=\"http:\/\/www.maisbn.com\/portal\/wp-content\/uploads\/2017\/08\/marcola00001-e1503976303771.jpg\" alt=\"marcola00001\" width=\"412\" height=\"642\" \/><\/a><\/p>\n<p>A Pol\u00edcia Civil de Belmonte realizou uma opera\u00e7\u00e3o na tarde dessa segunda-feira (28\/08) para cumprir um mandado de pris\u00e3o preventiva em desfavor do indiv\u00edduo identificado pelo nome de Marcos Vin\u00edcius Santos (19 anos), mais conhecido na cidade pelos apelidos de Marcola ou Moqueca. O mesmo \u00e9 acusado\u00a0 pelos crimes de tr\u00e1fico de drogas e associa\u00e7\u00e3o ao tr\u00e1fico e j\u00e1 vinha sendo monitorado pelo Setor de Investiga\u00e7\u00e3o da Delegacia de Belmonte.<\/p>\n<p>Marcola foi encontrado no Bairro S\u00e3o Benedito e portava um rev\u00f3lver ROSSI Calibre .22 com uma muni\u00e7\u00e3o intacta. Os policiais informaram que Marcola ainda fez men\u00e7\u00e3o de fugir, mas o cerco j\u00e1 estava fechado. O acusado de tr\u00e1fico foi conduzido para a Delegacia Territorial de Belmonte onde se encontra detido \u00e0 disposi\u00e7\u00e3o da autoridade judicial competente.<\/p>\n","protected":false},"excerpt":{"rendered":"<p>A Pol\u00edcia Civil de Belmonte realizou uma opera\u00e7\u00e3o na tarde dessa segunda-feira (28\/08) para cumprir um mandado de pris\u00e3o preventiva em desfavor do indiv\u00edduo identificado pelo nome de Marcos Vin\u00edcius Santos (19 anos), mais conhecido na cidade pelos apelidos de Marcola ou Moqueca. O mesmo \u00e9 acusado\u00a0 pelos crimes de tr\u00e1fico de drogas e associa\u00e7\u00e3o [&hellip;]<\/p>\n","protected":false},"author":7,"featured_media":16070,"comment_status":"open","ping_status":"open","sticky":false,"template":"","format":"standard","meta":{"footnotes":""},"categories":[1,16],"tags":[108],"class_list":["post-16067","post","type-post","status-publish","format-standard","has-post-thumbnail","hentry","category-noticias","category-policial","tag-belmonte"],"_links":{"self":[{"href":"https:\/\/www.maisbn.com\/portal\/wp-json\/wp\/v2\/posts\/16067","targetHints":{"allow":["GET"]}}],"collection":[{"href":"https:\/\/www.maisbn.com\/portal\/wp-json\/wp\/v2\/posts"}],"about":[{"href":"https:\/\/www.maisbn.com\/portal\/wp-json\/wp\/v2\/types\/post"}],"author":[{"embeddable":true,"href":"https:\/\/www.maisbn.com\/portal\/wp-json\/wp\/v2\/users\/7"}],"replies":[{"embeddable":true,"href":"https:\/\/www.maisbn.com\/portal\/wp-json\/wp\/v2\/comments?post=16067"}],"version-history":[{"count":1,"href":"https:\/\/www.maisbn.com\/portal\/wp-json\/wp\/v2\/posts\/16067\/revisions"}],"predecessor-version":[{"id":16071,"href":"https:\/\/www.maisbn.com\/portal\/wp-json\/wp\/v2\/posts\/16067\/revisions\/16071"}],"wp:featuredmedia":[{"embeddable":true,"href":"https:\/\/www.maisbn.com\/portal\/wp-json\/wp\/v2\/media\/16070"}],"wp:attachment":[{"href":"https:\/\/www.maisbn.com\/portal\/wp-json\/wp\/v2\/media?parent=16067"}],"wp:term":[{"taxonomy":"category","embeddable":true,"href":"https:\/\/www.maisbn.com\/portal\/wp-json\/wp\/v2\/categories?post=16067"},{"taxonomy":"post_tag","embeddable":true,"href":"https:\/\/www.maisbn.com\/portal\/wp-json\/wp\/v2\/tags?post=16067"}],"curies":[{"name":"wp","href":"https:\/\/api.w.org\/{rel}","templated":true}]}}