{"id":16049,"date":"2017-08-28T01:21:52","date_gmt":"2017-08-28T04:21:52","guid":{"rendered":"http:\/\/www.maisbn.com\/portal\/?p=16049"},"modified":"2017-08-28T01:21:52","modified_gmt":"2017-08-28T04:21:52","slug":"vereadores-de-belmonte-participam-do-1-o-cabralia-moto-show","status":"publish","type":"post","link":"https:\/\/www.maisbn.com\/portal\/2017\/08\/vereadores-de-belmonte-participam-do-1-o-cabralia-moto-show\/","title":{"rendered":"Vereadores de Belmonte participam do 1.\u00ba Cabr\u00e1lia Moto Show."},"content":{"rendered":"<p><a href=\"http:\/\/www.maisbn.com\/portal\/wp-content\/uploads\/2017\/08\/vereadorescabralia00001.jpg\"><img loading=\"lazy\" decoding=\"async\" class=\"aligncenter size-full wp-image-16050\" src=\"http:\/\/www.maisbn.com\/portal\/wp-content\/uploads\/2017\/08\/vereadorescabralia00001.jpg\" alt=\"vereadorescabralia00001\" width=\"642\" height=\"412\" \/><\/a><\/p>\n<p>Na noite de sexta-feira (25\/8) aconteceu, o primeiro Cabr\u00e1lia Moto Show, e a convite do prefeito Agnelo Santos estiveram presente ao evento os vereadores de Belmonte Aelson Matos (Calango), Alfredo e esposa, Rogerio Bahia, Idinho, entre outras autoridades e a imprensa regional.<\/p>\n<p>Os integrantes do legislativo belmontense elogiaram a estrutura montada para o evento. O Presidente Aelson Matos comentou que o acontecimento do Cabr\u00e1lia Moto Show foi muito importante para toda a Costa do Descobrimento porque atraiu um grande n\u00famero de pessoas vindo de todas as partes do pa\u00eds <strong><em>&#8220;O Cabr\u00e1lia Moto Show atraiu o turismo, movimentou a economia local e gerou uma m\u00eddia espont\u00e2nea muito importante para o munic\u00edpio. O Prefeito Agnelo Santos est\u00e1 de parab\u00e9ns e agradecemos a ele pela gentileza do convite para conferirmos essa festa linda.&#8221;<\/em> <\/strong>&#8211; Finalizou Aelson.<\/p>\n","protected":false},"excerpt":{"rendered":"<p>Na noite de sexta-feira (25\/8) aconteceu, o primeiro Cabr\u00e1lia Moto Show, e a convite do prefeito Agnelo Santos estiveram presente ao evento os vereadores de Belmonte Aelson Matos (Calango), Alfredo e esposa, Rogerio Bahia, Idinho, entre outras autoridades e a imprensa regional. Os integrantes do legislativo belmontense elogiaram a estrutura montada para o evento. O [&hellip;]<\/p>\n","protected":false},"author":7,"featured_media":16050,"comment_status":"open","ping_status":"open","sticky":false,"template":"","format":"standard","meta":{"footnotes":""},"categories":[1,7],"tags":[108],"class_list":["post-16049","post","type-post","status-publish","format-standard","has-post-thumbnail","hentry","category-noticias","category-politica","tag-belmonte"],"_links":{"self":[{"href":"https:\/\/www.maisbn.com\/portal\/wp-json\/wp\/v2\/posts\/16049","targetHints":{"allow":["GET"]}}],"collection":[{"href":"https:\/\/www.maisbn.com\/portal\/wp-json\/wp\/v2\/posts"}],"about":[{"href":"https:\/\/www.maisbn.com\/portal\/wp-json\/wp\/v2\/types\/post"}],"author":[{"embeddable":true,"href":"https:\/\/www.maisbn.com\/portal\/wp-json\/wp\/v2\/users\/7"}],"replies":[{"embeddable":true,"href":"https:\/\/www.maisbn.com\/portal\/wp-json\/wp\/v2\/comments?post=16049"}],"version-history":[{"count":1,"href":"https:\/\/www.maisbn.com\/portal\/wp-json\/wp\/v2\/posts\/16049\/revisions"}],"predecessor-version":[{"id":16051,"href":"https:\/\/www.maisbn.com\/portal\/wp-json\/wp\/v2\/posts\/16049\/revisions\/16051"}],"wp:featuredmedia":[{"embeddable":true,"href":"https:\/\/www.maisbn.com\/portal\/wp-json\/wp\/v2\/media\/16050"}],"wp:attachment":[{"href":"https:\/\/www.maisbn.com\/portal\/wp-json\/wp\/v2\/media?parent=16049"}],"wp:term":[{"taxonomy":"category","embeddable":true,"href":"https:\/\/www.maisbn.com\/portal\/wp-json\/wp\/v2\/categories?post=16049"},{"taxonomy":"post_tag","embeddable":true,"href":"https:\/\/www.maisbn.com\/portal\/wp-json\/wp\/v2\/tags?post=16049"}],"curies":[{"name":"wp","href":"https:\/\/api.w.org\/{rel}","templated":true}]}}