{"id":16041,"date":"2017-08-28T00:55:21","date_gmt":"2017-08-28T03:55:21","guid":{"rendered":"http:\/\/www.maisbn.com\/portal\/?p=16041"},"modified":"2017-08-28T14:37:26","modified_gmt":"2017-08-28T17:37:26","slug":"deputado-federal-claudio-cajado-visita-barrolandia-e-conversa-com-a-comunidade","status":"publish","type":"post","link":"https:\/\/www.maisbn.com\/portal\/2017\/08\/deputado-federal-claudio-cajado-visita-barrolandia-e-conversa-com-a-comunidade\/","title":{"rendered":"Deputado Federal Claudio Cajado visita Barrol\u00e2ndia e conversa com a comunidade."},"content":{"rendered":"<p><a href=\"http:\/\/www.maisbn.com\/portal\/wp-content\/uploads\/2017\/08\/cajado_barrolandia00005.jpg\"><img loading=\"lazy\" decoding=\"async\" class=\"aligncenter wp-image-16045\" src=\"http:\/\/www.maisbn.com\/portal\/wp-content\/uploads\/2017\/08\/cajado_barrolandia00005.jpg\" alt=\"cajado_barrolandia00005\" width=\"600\" height=\"385\" \/><\/a><\/p>\n<p>O Deputado Federal Claudio Cajado, acompanhado do Prefeito de Cabr\u00e1lia Agnelo Santos, visitou o distrito de Barrol\u00e2ndia na \u00faltima sexta-feira (25\/08) e conversou com a popula\u00e7\u00e3o em uma reuni\u00e3o realizada no espa\u00e7o da Pousada Executivo onde estiveram presentes a ex-prefeita Alice Britto; alguns vereadores de Belmonte, Santa Cruz Cabr\u00e1lia e Itapebi; Fazendeiros, Empres\u00e1rios, Pastores e Lideran\u00e7as pol\u00edticas de toda a regi\u00e3o.<\/p>\n<p><a href=\"http:\/\/www.maisbn.com\/portal\/wp-content\/uploads\/2017\/08\/cajado_barrolandia00011.jpg\"><img loading=\"lazy\" decoding=\"async\" class=\"aligncenter wp-image-16044\" src=\"http:\/\/www.maisbn.com\/portal\/wp-content\/uploads\/2017\/08\/cajado_barrolandia00011.jpg\" alt=\"cajado_barrolandia00011\" width=\"600\" height=\"385\" \/><\/a><\/p>\n<p>O Deputado Claudio Cajado, durante a reuni\u00e3o, enfatizou o seu compromisso com Belmonte e agradeceu o apoio e o reconhecimento do seu trabalho pelo munic\u00edpio. Cajado comentou que continua lutando pelos belmontenses e que vem se empenhando para conseguir a libera\u00e7\u00e3o de recursos federais para as obras conquistadas por ele e que ainda est\u00e3o em andamento.<\/p>\n<p><a href=\"http:\/\/www.maisbn.com\/portal\/wp-content\/uploads\/2017\/08\/cajado_barrolandia00002.jpg\"><img loading=\"lazy\" decoding=\"async\" class=\"aligncenter wp-image-16046\" src=\"http:\/\/www.maisbn.com\/portal\/wp-content\/uploads\/2017\/08\/cajado_barrolandia00002.jpg\" alt=\"cajado_barrolandia00002\" width=\"600\" height=\"385\" \/><\/a><\/p>\n<p>A ex-prefeita Alice Britto tamb\u00e9m usou da palavra e agradeceu a Cajado pelo carinho e o compromisso que o mesmo sempre teve por Belmonte. A ex-gestora enfatizou que Cajado foi o parlamentar federal que mais lutou pela cidade e deu os parab\u00e9ns para o Prefeito Agnelo por ter conseguido essa importante parceria para o desenvolvimento do munic\u00edpio de Santa Cruz Cabr\u00e1lia. &#8220;Eu tenho certeza que muitas conquistas vir\u00e3o para o munic\u00edpio de Cabr\u00e1lia trazidas pelo Deputado Claudio Cajado, que \u00e9 um homem de palavra. Os belmontenses confiaram em Cajado e n\u00e3o se decepcionaram. Eu tenho certeza que o povo de Santa Cruz Cabr\u00e1lia tamb\u00e9m n\u00e3o se arrepender\u00e1 dessa importante parceria.&#8221; &#8211; Finalizou Alice.<\/p>\n<p><a href=\"http:\/\/www.maisbn.com\/portal\/wp-content\/uploads\/2017\/08\/cajado_barrolandia00016.jpg\"><img loading=\"lazy\" decoding=\"async\" class=\"aligncenter wp-image-16047\" src=\"http:\/\/www.maisbn.com\/portal\/wp-content\/uploads\/2017\/08\/cajado_barrolandia00016.jpg\" alt=\"cajado_barrolandia00016\" width=\"600\" height=\"385\" \/><\/a><\/p>\n<p>Ao final da reuni\u00e3o, o Deputado Claudio Cajado recebeu muitos aplausos e palavras de apoio de diversas lideran\u00e7as pol\u00edticas. Um grande n\u00famero de pessoas presentes ainda confirmou que acredita em mais uma vit\u00f3ria e que caminhar\u00e1 com o Deputado em 2018.<\/p>\n<p>&nbsp;<\/p>\n","protected":false},"excerpt":{"rendered":"<p>O Deputado Federal Claudio Cajado, acompanhado do Prefeito de Cabr\u00e1lia Agnelo Santos, visitou o distrito de Barrol\u00e2ndia na \u00faltima sexta-feira (25\/08) e conversou com a popula\u00e7\u00e3o em uma reuni\u00e3o realizada no espa\u00e7o da Pousada Executivo onde estiveram presentes a ex-prefeita Alice Britto; alguns vereadores de Belmonte, Santa Cruz Cabr\u00e1lia e Itapebi; Fazendeiros, Empres\u00e1rios, Pastores e [&hellip;]<\/p>\n","protected":false},"author":7,"featured_media":16045,"comment_status":"open","ping_status":"open","sticky":false,"template":"","format":"standard","meta":{"footnotes":""},"categories":[1,7],"tags":[108],"class_list":["post-16041","post","type-post","status-publish","format-standard","has-post-thumbnail","hentry","category-noticias","category-politica","tag-belmonte"],"_links":{"self":[{"href":"https:\/\/www.maisbn.com\/portal\/wp-json\/wp\/v2\/posts\/16041","targetHints":{"allow":["GET"]}}],"collection":[{"href":"https:\/\/www.maisbn.com\/portal\/wp-json\/wp\/v2\/posts"}],"about":[{"href":"https:\/\/www.maisbn.com\/portal\/wp-json\/wp\/v2\/types\/post"}],"author":[{"embeddable":true,"href":"https:\/\/www.maisbn.com\/portal\/wp-json\/wp\/v2\/users\/7"}],"replies":[{"embeddable":true,"href":"https:\/\/www.maisbn.com\/portal\/wp-json\/wp\/v2\/comments?post=16041"}],"version-history":[{"count":4,"href":"https:\/\/www.maisbn.com\/portal\/wp-json\/wp\/v2\/posts\/16041\/revisions"}],"predecessor-version":[{"id":16059,"href":"https:\/\/www.maisbn.com\/portal\/wp-json\/wp\/v2\/posts\/16041\/revisions\/16059"}],"wp:featuredmedia":[{"embeddable":true,"href":"https:\/\/www.maisbn.com\/portal\/wp-json\/wp\/v2\/media\/16045"}],"wp:attachment":[{"href":"https:\/\/www.maisbn.com\/portal\/wp-json\/wp\/v2\/media?parent=16041"}],"wp:term":[{"taxonomy":"category","embeddable":true,"href":"https:\/\/www.maisbn.com\/portal\/wp-json\/wp\/v2\/categories?post=16041"},{"taxonomy":"post_tag","embeddable":true,"href":"https:\/\/www.maisbn.com\/portal\/wp-json\/wp\/v2\/tags?post=16041"}],"curies":[{"name":"wp","href":"https:\/\/api.w.org\/{rel}","templated":true}]}}