{"id":16035,"date":"2017-08-24T22:24:39","date_gmt":"2017-08-25T01:24:39","guid":{"rendered":"http:\/\/www.maisbn.com\/portal\/?p=16035"},"modified":"2017-08-24T22:24:39","modified_gmt":"2017-08-25T01:24:39","slug":"forca-das-ondas-assusta-moradores-e-causa-prejuizos-em-belmonte","status":"publish","type":"post","link":"https:\/\/www.maisbn.com\/portal\/2017\/08\/forca-das-ondas-assusta-moradores-e-causa-prejuizos-em-belmonte\/","title":{"rendered":"For\u00e7a das ondas assusta moradores e causa preju\u00edzos em Belmonte."},"content":{"rendered":"<p>A f\u00faria das ondas contra a Praia do Mar Moreno foi a grande atra\u00e7\u00e3o da tarde dessa quinta-feira (24\/08) em Belmonte. As \u00e1guas, que ficaram revoltas com o vento forte, mais uma vez golpearam as areias e piorou ainda mais o processo de eros\u00e3o que vem acontecendo h\u00e1 alguns meses.<\/p>\n<p><a href=\"http:\/\/www.maisbn.com\/portal\/wp-content\/uploads\/2017\/08\/avanco_mar00001.jpg\"><img loading=\"lazy\" decoding=\"async\" class=\"aligncenter size-full wp-image-16036\" src=\"http:\/\/www.maisbn.com\/portal\/wp-content\/uploads\/2017\/08\/avanco_mar00001.jpg\" alt=\"avanco_mar00001\" width=\"642\" height=\"412\" \/><\/a><\/p>\n<p>A rua mais pr\u00f3xima do mar praticamente j\u00e1 desapareceu e as \u00e1guas agora amea\u00e7am a Barraca Skina do Guaiamum. Em uma situa\u00e7\u00e3o bem pior est\u00e1 a Barraca Mar Azul onde as ondas j\u00e1 levaram a parte da frente e agora avan\u00e7am contra o resto da edifica\u00e7\u00e3o. O avan\u00e7o das \u00e1guas tamb\u00e9m comprometeu o fornecimento de \u00e1gua das moradias da Praia do Mar Moreno. A for\u00e7a das ondas destruiu a estrutura da EMBASA e a empresa teve que interromper o fornecimento de \u00e1gua da cidade durante todo o dia dessa quarta-feira (23\/08) para implementar uma opera\u00e7\u00e3o de emerg\u00eancia e mudar de lugar toda a tubula\u00e7\u00e3o que atende a localidade.<\/p>\n<p><iframe loading=\"lazy\" src=\"https:\/\/www.youtube.com\/embed\/fqMzqeHYcgw\" width=\"560\" height=\"315\" frameborder=\"0\" allowfullscreen=\"allowfullscreen\"><\/iframe><\/p>\n<p>V\u00e1rios estudos est\u00e3o sendo feitos para determinar a causa do avan\u00e7o do mar contra a orla belmontense. Alguns pesquisadores e ambientalistas dizem que o fen\u00f4meno est\u00e1 sendo causado pela Hidrel\u00e9trica de Itapebi que reduziu a for\u00e7a do Rio Jequitinhonha e impediu que as \u00e1guas do mesmo empurrasse as correntes mar\u00edtimas e depositasse sedimentos na praia. Outras pesquisas apontam o porto da empresa Veracel como o respons\u00e1vel por mudar o curso normal das correntes mar\u00edtimas fazendo com que as \u00e1guas avancem contra a Praia do Mar Moreno.<\/p>\n<p><iframe loading=\"lazy\" src=\"https:\/\/www.youtube.com\/embed\/d6-ZqJWhQ3g\" width=\"560\" height=\"315\" frameborder=\"0\" allowfullscreen=\"allowfullscreen\"><\/iframe><\/p>\n<p>Os barraqueiros e moradores agora esperam e torcem que as \u00e1guas se acalmem nos pr\u00f3ximos dias e recuem sem causar mais estragos. Enquanto isso n\u00e3o acontece, um grande n\u00famero de pessoas tem comparecido \u00e0 Praia do Mar Moreno para observar a for\u00e7a do mar e o espet\u00e1culo promovido pelas fortes ondas.<\/p>\n<p>&nbsp;<\/p>\n","protected":false},"excerpt":{"rendered":"<p>A f\u00faria das ondas contra a Praia do Mar Moreno foi a grande atra\u00e7\u00e3o da tarde dessa quinta-feira (24\/08) em Belmonte. As \u00e1guas, que ficaram revoltas com o vento forte, mais uma vez golpearam as areias e piorou ainda mais o processo de eros\u00e3o que vem acontecendo h\u00e1 alguns meses. A rua mais pr\u00f3xima do [&hellip;]<\/p>\n","protected":false},"author":7,"featured_media":16036,"comment_status":"open","ping_status":"open","sticky":false,"template":"","format":"standard","meta":{"footnotes":""},"categories":[45,1],"tags":[435],"class_list":["post-16035","post","type-post","status-publish","format-standard","has-post-thumbnail","hentry","category-cidades","category-noticias","tag-belmonte-bahia-3"],"_links":{"self":[{"href":"https:\/\/www.maisbn.com\/portal\/wp-json\/wp\/v2\/posts\/16035","targetHints":{"allow":["GET"]}}],"collection":[{"href":"https:\/\/www.maisbn.com\/portal\/wp-json\/wp\/v2\/posts"}],"about":[{"href":"https:\/\/www.maisbn.com\/portal\/wp-json\/wp\/v2\/types\/post"}],"author":[{"embeddable":true,"href":"https:\/\/www.maisbn.com\/portal\/wp-json\/wp\/v2\/users\/7"}],"replies":[{"embeddable":true,"href":"https:\/\/www.maisbn.com\/portal\/wp-json\/wp\/v2\/comments?post=16035"}],"version-history":[{"count":1,"href":"https:\/\/www.maisbn.com\/portal\/wp-json\/wp\/v2\/posts\/16035\/revisions"}],"predecessor-version":[{"id":16037,"href":"https:\/\/www.maisbn.com\/portal\/wp-json\/wp\/v2\/posts\/16035\/revisions\/16037"}],"wp:featuredmedia":[{"embeddable":true,"href":"https:\/\/www.maisbn.com\/portal\/wp-json\/wp\/v2\/media\/16036"}],"wp:attachment":[{"href":"https:\/\/www.maisbn.com\/portal\/wp-json\/wp\/v2\/media?parent=16035"}],"wp:term":[{"taxonomy":"category","embeddable":true,"href":"https:\/\/www.maisbn.com\/portal\/wp-json\/wp\/v2\/categories?post=16035"},{"taxonomy":"post_tag","embeddable":true,"href":"https:\/\/www.maisbn.com\/portal\/wp-json\/wp\/v2\/tags?post=16035"}],"curies":[{"name":"wp","href":"https:\/\/api.w.org\/{rel}","templated":true}]}}