{"id":16028,"date":"2017-08-24T16:56:23","date_gmt":"2017-08-24T19:56:23","guid":{"rendered":"http:\/\/www.maisbn.com\/portal\/?p=16028"},"modified":"2017-08-24T16:57:35","modified_gmt":"2017-08-24T19:57:35","slug":"projeto-de-lei-aprovado-pela-camara-padronizara-as-cores-dos-predios-publicos-em-belmonte","status":"publish","type":"post","link":"https:\/\/www.maisbn.com\/portal\/2017\/08\/projeto-de-lei-aprovado-pela-camara-padronizara-as-cores-dos-predios-publicos-em-belmonte\/","title":{"rendered":"Projeto de Lei aprovado pela C\u00e2mara padronizar\u00e1 as cores dos pr\u00e9dios p\u00fablicos em Belmonte."},"content":{"rendered":"<p><a href=\"http:\/\/www.maisbn.com\/portal\/wp-content\/uploads\/2017\/08\/rogeriobahia.jpg\"><img loading=\"lazy\" decoding=\"async\" class=\"aligncenter wp-image-16032\" src=\"http:\/\/www.maisbn.com\/portal\/wp-content\/uploads\/2017\/08\/rogeriobahia-846x900.jpg\" alt=\"rogeriobahia\" width=\"553\" height=\"589\" \/><\/a><\/p>\n<p>O Vereador Rog\u00e9rio Bahia em conversa com nossa equipe nessa ter\u00e7a-feira (22\/08) comentou sobre o projeto 015\/207 de autoria do mesmo, que foi aprovado no plen\u00e1rio da C\u00e2mara de Vereadores e est\u00e1 \u00e0 espera da san\u00e7\u00e3o do Prefeito Janival Borges.<\/p>\n<p>O projeto em quest\u00e3o trata da padroniza\u00e7\u00e3o das cores dos Pr\u00e9dios, placas e adesivos usados pela Administra\u00e7\u00e3o P\u00fablica Municipal. A nova lei que ser\u00e1 sancionada fixa como oficiais as cores verde e branco usadas na Bandeira da Cidade de Belmonte. O edil ainda consta em seu projeto que as cor verde ser\u00e1 a predominante\u00a0 e que as cores existentes no escudo da bandeira s\u00f3 ser\u00e3o usadas para detalhes como: Faixas, nomes e outras situa\u00e7\u00f5es semelhantes. O Projeto de Lei ainda coloca que, caso haja mudan\u00e7as nas cores padr\u00f5es da bandeira da cidade, os pr\u00e9dios e dispositivos usados pela Administra\u00e7\u00e3o Municipal tamb\u00e9m acompanhar\u00e3o as modifica\u00e7\u00f5es. Por final, o projeto ainda obriga as Escolas Municipais a orientar os alunos sobres as cores da Bandeira do Munic\u00edpio e autoriza o Poder Legislativo a criar Comiss\u00e3o para fiscalizar se a lei est\u00e1 sendo cumprida.<\/p>\n<p>Em conversa com nossa equipe, o Vereador Rog\u00e9rio Bahia colocou que a nova lei ir\u00e1 diminuir os custos da manuten\u00e7\u00e3o dos pr\u00e9dios p\u00fablicos e enaltecer\u00e1 a identidade da cidade. &#8220;As cores dos pr\u00e9dios municipais passar\u00e3o a ter sentido e ir\u00e1 estar impl\u00edcito nelas a nossa hist\u00f3ria, as nossas caracter\u00edsticas e a nossa ess\u00eancia. Essa lei preservar\u00e1 a identidade dos belmontenses atrav\u00e9s das cores de nossa bandeira.&#8221; &#8211; Finalizou Rog\u00e9rio Bahia.<\/p>\n<p>Veja o Projeto na \u00edntegra logo a seguir:<\/p>\n<p>&nbsp;<\/p>\n<p><a href=\"http:\/\/www.maisbn.com\/portal\/wp-content\/uploads\/2017\/08\/img001.jpg\"><img loading=\"lazy\" decoding=\"async\" class=\"aligncenter size-medium wp-image-16031\" src=\"http:\/\/www.maisbn.com\/portal\/wp-content\/uploads\/2017\/08\/img001-581x900.jpg\" alt=\"img001\" width=\"581\" height=\"900\" srcset=\"https:\/\/www.maisbn.com\/portal\/wp-content\/uploads\/2017\/08\/img001-581x900.jpg 581w, https:\/\/www.maisbn.com\/portal\/wp-content\/uploads\/2017\/08\/img001-646x1000.jpg 646w\" sizes=\"auto, (max-width: 581px) 100vw, 581px\" \/><\/a><\/p>\n","protected":false},"excerpt":{"rendered":"<p>O Vereador Rog\u00e9rio Bahia em conversa com nossa equipe nessa ter\u00e7a-feira (22\/08) comentou sobre o projeto 015\/207 de autoria do mesmo, que foi aprovado no plen\u00e1rio da C\u00e2mara de Vereadores e est\u00e1 \u00e0 espera da san\u00e7\u00e3o do Prefeito Janival Borges. O projeto em quest\u00e3o trata da padroniza\u00e7\u00e3o das cores dos Pr\u00e9dios, placas e adesivos usados [&hellip;]<\/p>\n","protected":false},"author":7,"featured_media":16032,"comment_status":"open","ping_status":"open","sticky":false,"template":"","format":"standard","meta":{"footnotes":""},"categories":[1,7],"tags":[108],"class_list":["post-16028","post","type-post","status-publish","format-standard","has-post-thumbnail","hentry","category-noticias","category-politica","tag-belmonte"],"_links":{"self":[{"href":"https:\/\/www.maisbn.com\/portal\/wp-json\/wp\/v2\/posts\/16028","targetHints":{"allow":["GET"]}}],"collection":[{"href":"https:\/\/www.maisbn.com\/portal\/wp-json\/wp\/v2\/posts"}],"about":[{"href":"https:\/\/www.maisbn.com\/portal\/wp-json\/wp\/v2\/types\/post"}],"author":[{"embeddable":true,"href":"https:\/\/www.maisbn.com\/portal\/wp-json\/wp\/v2\/users\/7"}],"replies":[{"embeddable":true,"href":"https:\/\/www.maisbn.com\/portal\/wp-json\/wp\/v2\/comments?post=16028"}],"version-history":[{"count":3,"href":"https:\/\/www.maisbn.com\/portal\/wp-json\/wp\/v2\/posts\/16028\/revisions"}],"predecessor-version":[{"id":16034,"href":"https:\/\/www.maisbn.com\/portal\/wp-json\/wp\/v2\/posts\/16028\/revisions\/16034"}],"wp:featuredmedia":[{"embeddable":true,"href":"https:\/\/www.maisbn.com\/portal\/wp-json\/wp\/v2\/media\/16032"}],"wp:attachment":[{"href":"https:\/\/www.maisbn.com\/portal\/wp-json\/wp\/v2\/media?parent=16028"}],"wp:term":[{"taxonomy":"category","embeddable":true,"href":"https:\/\/www.maisbn.com\/portal\/wp-json\/wp\/v2\/categories?post=16028"},{"taxonomy":"post_tag","embeddable":true,"href":"https:\/\/www.maisbn.com\/portal\/wp-json\/wp\/v2\/tags?post=16028"}],"curies":[{"name":"wp","href":"https:\/\/api.w.org\/{rel}","templated":true}]}}