{"id":16012,"date":"2017-08-22T12:53:11","date_gmt":"2017-08-22T15:53:11","guid":{"rendered":"http:\/\/www.maisbn.com\/portal\/?p=16012"},"modified":"2017-08-22T12:53:11","modified_gmt":"2017-08-22T15:53:11","slug":"embasa-informa-interrupcao-do-fornecimento-de-agua-em-belmonte-3","status":"publish","type":"post","link":"https:\/\/www.maisbn.com\/portal\/2017\/08\/embasa-informa-interrupcao-do-fornecimento-de-agua-em-belmonte-3\/","title":{"rendered":"EMBASA informa interrup\u00e7\u00e3o do fornecimento de \u00e1gua em Belmonte."},"content":{"rendered":"<p><a href=\"http:\/\/www.maisbn.com\/portal\/wp-content\/uploads\/2016\/10\/embasa_informe.jpg\"><img loading=\"lazy\" decoding=\"async\" class=\"aligncenter size-full wp-image-12823\" src=\"http:\/\/www.maisbn.com\/portal\/wp-content\/uploads\/2016\/10\/embasa_informe.jpg\" alt=\"embasa_informe\" width=\"704\" height=\"318\" \/><\/a><\/p>\n<p>Por volta das 12:00Hrs dessa ter\u00e7a-feira (22\/08) a EMBASA emitiu um aviso de suspens\u00e3o do fornecimento de \u00e1gua na sede do munic\u00edpio de Belmonte. A ger\u00eancia local da empresa explicou que o problema foi causado por falta de energia el\u00e9trica no sistema de capta\u00e7\u00e3o. A COELBA j\u00e1 foi acionada e a EMBASA informou que retomar\u00e1 o fornecimento assim que o problema for resolvido.<\/p>\n<p>&nbsp;<\/p>\n","protected":false},"excerpt":{"rendered":"<p>Por volta das 12:00Hrs dessa ter\u00e7a-feira (22\/08) a EMBASA emitiu um aviso de suspens\u00e3o do fornecimento de \u00e1gua na sede do munic\u00edpio de Belmonte. A ger\u00eancia local da empresa explicou que o problema foi causado por falta de energia el\u00e9trica no sistema de capta\u00e7\u00e3o. A COELBA j\u00e1 foi acionada e a EMBASA informou que retomar\u00e1 [&hellip;]<\/p>\n","protected":false},"author":7,"featured_media":12823,"comment_status":"open","ping_status":"open","sticky":false,"template":"","format":"standard","meta":{"footnotes":""},"categories":[45,1],"tags":[108],"class_list":["post-16012","post","type-post","status-publish","format-standard","has-post-thumbnail","hentry","category-cidades","category-noticias","tag-belmonte"],"_links":{"self":[{"href":"https:\/\/www.maisbn.com\/portal\/wp-json\/wp\/v2\/posts\/16012","targetHints":{"allow":["GET"]}}],"collection":[{"href":"https:\/\/www.maisbn.com\/portal\/wp-json\/wp\/v2\/posts"}],"about":[{"href":"https:\/\/www.maisbn.com\/portal\/wp-json\/wp\/v2\/types\/post"}],"author":[{"embeddable":true,"href":"https:\/\/www.maisbn.com\/portal\/wp-json\/wp\/v2\/users\/7"}],"replies":[{"embeddable":true,"href":"https:\/\/www.maisbn.com\/portal\/wp-json\/wp\/v2\/comments?post=16012"}],"version-history":[{"count":1,"href":"https:\/\/www.maisbn.com\/portal\/wp-json\/wp\/v2\/posts\/16012\/revisions"}],"predecessor-version":[{"id":16013,"href":"https:\/\/www.maisbn.com\/portal\/wp-json\/wp\/v2\/posts\/16012\/revisions\/16013"}],"wp:featuredmedia":[{"embeddable":true,"href":"https:\/\/www.maisbn.com\/portal\/wp-json\/wp\/v2\/media\/12823"}],"wp:attachment":[{"href":"https:\/\/www.maisbn.com\/portal\/wp-json\/wp\/v2\/media?parent=16012"}],"wp:term":[{"taxonomy":"category","embeddable":true,"href":"https:\/\/www.maisbn.com\/portal\/wp-json\/wp\/v2\/categories?post=16012"},{"taxonomy":"post_tag","embeddable":true,"href":"https:\/\/www.maisbn.com\/portal\/wp-json\/wp\/v2\/tags?post=16012"}],"curies":[{"name":"wp","href":"https:\/\/api.w.org\/{rel}","templated":true}]}}