{"id":16001,"date":"2017-08-21T19:38:22","date_gmt":"2017-08-21T22:38:22","guid":{"rendered":"http:\/\/www.maisbn.com\/portal\/?p=16001"},"modified":"2017-08-21T19:38:22","modified_gmt":"2017-08-21T22:38:22","slug":"correios-entram-em-greve-por-tempo-indeterminado-contra-retirada-de-vigilantes","status":"publish","type":"post","link":"https:\/\/www.maisbn.com\/portal\/2017\/08\/correios-entram-em-greve-por-tempo-indeterminado-contra-retirada-de-vigilantes\/","title":{"rendered":"Correios entram em greve por tempo indeterminado contra retirada de vigilantes."},"content":{"rendered":"<p><a href=\"http:\/\/www.maisbn.com\/portal\/wp-content\/uploads\/2017\/03\/carteiro-correios-1405626009245_615x300.jpg\"><img loading=\"lazy\" decoding=\"async\" class=\"aligncenter  wp-image-14182\" src=\"http:\/\/www.maisbn.com\/portal\/wp-content\/uploads\/2017\/03\/carteiro-correios-1405626009245_615x300.jpg\" alt=\"carteiro-correios-1405626009245_615x300\" width=\"599\" height=\"292\" \/><\/a><\/p>\n<p>As ag\u00eancias comerciais dos Correios entraram em greve parcial nesta segunda-feira (21) por tempo indeterminado. A medida \u00e9 uma rea\u00e7\u00e3o \u00e0 retirada dos vigilantes que fazem a seguran\u00e7a das unidades. O presidente do Sindicato dos Trabalhadores da Empresa Brasileira de Correios e Tel\u00e9grafos da Bahia (Sincotelba), Josu\u00e9 Canto, n\u00e3o soube precisar o n\u00famero exato de ag\u00eancias fechadas em Salvador. No entanto, das 30 unidades, \u00e9 certo que est\u00e3o paralisadas aquelas em Lauro de Freitas, Rio Vermelho, Campo Grande, Cal\u00e7ada e Mata Escura. <strong><em>&#8220;Est\u00e3o tirando os vigilantes, segundo a empresa por quest\u00e3o de custo, para diminuir o custo. Ou seja, a vida n\u00e3o tem valor. Poderia cortar altos sal\u00e1rios dos pr\u00e9dios administrativo&#8221;<\/em><\/strong>, sugeriu Josu\u00e9, acrescentando que nenhuma alternativa para seguran\u00e7a foi apresentada pela empresa.<\/p>\n<p>A negocia\u00e7\u00e3o entre os funcion\u00e1rios e a administra\u00e7\u00e3o dos Correios corre h\u00e1 dois meses, mas a institui\u00e7\u00e3o insiste em retirar os vigilantes. Com isso, as pessoas que precisarem postar correspond\u00eancias ou encomendas estar\u00e3o impedidas de realizar o servi\u00e7o. Por outro lado, as entregas por parte dos carteiros seguir\u00e1 normalmente, segundo Josu\u00e9. No interior do estado, no entanto, os carteiros tamb\u00e9m dever\u00e3o paralisar, em solidariedade aos funcion\u00e1rios que fazem atendimento nas ag\u00eancias comerciais. &#8220;<strong><em>A gente est\u00e1 aqui querendo dar continuidade ao servi\u00e7o. Os trabalhadores querem seguran\u00e7a, \u00e9 o m\u00ednimo&#8221;<\/em><\/strong>, refor\u00e7ou Josu\u00e9. O presidente do Sincotelba alertou que no pr\u00f3ximo m\u00eas uma greve mais s\u00e9ria pode ser deflagrada, em contrariedade \u00e0 privatiza\u00e7\u00e3o e precariza\u00e7\u00e3o dos Correios, e por reajuste salarial.<\/p>\n","protected":false},"excerpt":{"rendered":"<p>As ag\u00eancias comerciais dos Correios entraram em greve parcial nesta segunda-feira (21) por tempo indeterminado. A medida \u00e9 uma rea\u00e7\u00e3o \u00e0 retirada dos vigilantes que fazem a seguran\u00e7a das unidades. O presidente do Sindicato dos Trabalhadores da Empresa Brasileira de Correios e Tel\u00e9grafos da Bahia (Sincotelba), Josu\u00e9 Canto, n\u00e3o soube precisar o n\u00famero exato de [&hellip;]<\/p>\n","protected":false},"author":7,"featured_media":14182,"comment_status":"open","ping_status":"open","sticky":false,"template":"","format":"standard","meta":{"footnotes":""},"categories":[45,1],"tags":[108],"class_list":["post-16001","post","type-post","status-publish","format-standard","has-post-thumbnail","hentry","category-cidades","category-noticias","tag-belmonte"],"_links":{"self":[{"href":"https:\/\/www.maisbn.com\/portal\/wp-json\/wp\/v2\/posts\/16001","targetHints":{"allow":["GET"]}}],"collection":[{"href":"https:\/\/www.maisbn.com\/portal\/wp-json\/wp\/v2\/posts"}],"about":[{"href":"https:\/\/www.maisbn.com\/portal\/wp-json\/wp\/v2\/types\/post"}],"author":[{"embeddable":true,"href":"https:\/\/www.maisbn.com\/portal\/wp-json\/wp\/v2\/users\/7"}],"replies":[{"embeddable":true,"href":"https:\/\/www.maisbn.com\/portal\/wp-json\/wp\/v2\/comments?post=16001"}],"version-history":[{"count":1,"href":"https:\/\/www.maisbn.com\/portal\/wp-json\/wp\/v2\/posts\/16001\/revisions"}],"predecessor-version":[{"id":16002,"href":"https:\/\/www.maisbn.com\/portal\/wp-json\/wp\/v2\/posts\/16001\/revisions\/16002"}],"wp:featuredmedia":[{"embeddable":true,"href":"https:\/\/www.maisbn.com\/portal\/wp-json\/wp\/v2\/media\/14182"}],"wp:attachment":[{"href":"https:\/\/www.maisbn.com\/portal\/wp-json\/wp\/v2\/media?parent=16001"}],"wp:term":[{"taxonomy":"category","embeddable":true,"href":"https:\/\/www.maisbn.com\/portal\/wp-json\/wp\/v2\/categories?post=16001"},{"taxonomy":"post_tag","embeddable":true,"href":"https:\/\/www.maisbn.com\/portal\/wp-json\/wp\/v2\/tags?post=16001"}],"curies":[{"name":"wp","href":"https:\/\/api.w.org\/{rel}","templated":true}]}}