{"id":15987,"date":"2017-08-18T15:15:19","date_gmt":"2017-08-18T18:15:19","guid":{"rendered":"http:\/\/www.maisbn.com\/portal\/?p=15987"},"modified":"2017-08-18T15:34:24","modified_gmt":"2017-08-18T18:34:24","slug":"vereador-alfredo-cumpre-promessa-e-barrolandia-ganha-conexao-a-internet-gratis","status":"publish","type":"post","link":"https:\/\/www.maisbn.com\/portal\/2017\/08\/vereador-alfredo-cumpre-promessa-e-barrolandia-ganha-conexao-a-internet-gratis\/","title":{"rendered":"Vereador Alfredo cumpre promessa e Barrol\u00e2ndia ganha conex\u00e3o \u00e0 internet gr\u00e1tis."},"content":{"rendered":"<p><a href=\"http:\/\/www.maisbn.com\/portal\/wp-content\/uploads\/2017\/08\/internet_gratis_Barrolandia00001.jpg\"><img loading=\"lazy\" decoding=\"async\" class=\"aligncenter size-full wp-image-15989\" src=\"http:\/\/www.maisbn.com\/portal\/wp-content\/uploads\/2017\/08\/internet_gratis_Barrolandia00001.jpg\" alt=\"internet_gratis_Barrolandia00001\" width=\"642\" height=\"412\" \/><\/a><\/p>\n<p>Na manh\u00e3 dessa sexta-feira (18\/08) entrou em funcionamento o acesso \u00e0 internet gr\u00e1tis da Pra\u00e7a Castro Alves, localizada no centro do distrito de Barrol\u00e2ndia. A conex\u00e3o, que tem alcance circunferencial de 400 metros conta com a tecnologia wi-fi e, segundo o t\u00e9cnico que fez as instala\u00e7\u00f5es dos equipamentos, tem alta velocidade e capacidade para atender v\u00e1rias conex\u00f5es simult\u00e2neas. A conex\u00e3o \u00e9 aberta \u00e0 toda comunidade, basta o usu\u00e1rio colocar em seus aparelhos a senha: <strong><em>alfredovereador<\/em><\/strong>.<\/p>\n<p><a href=\"http:\/\/www.maisbn.com\/portal\/wp-content\/uploads\/2017\/08\/internet_gratis_Barrolandia00003.jpg\"><img loading=\"lazy\" decoding=\"async\" class=\"aligncenter size-full wp-image-15990\" src=\"http:\/\/www.maisbn.com\/portal\/wp-content\/uploads\/2017\/08\/internet_gratis_Barrolandia00003.jpg\" alt=\"internet_gratis_Barrolandia00003\" width=\"642\" height=\"412\" \/><\/a><\/p>\n<p>Ainda pela manh\u00e3 v\u00e1rios jovens j\u00e1 estavam acessando a conex\u00e3o e informaram que a velocidade estava excelente. Os comerciantes tamb\u00e9m gostaram da novidade e acreditam que nos pr\u00f3ximos dias o fluxo de pessoas deve aumentar no centro comercial do distrito.<\/p>\n<div id=\"attachment_13890\" style=\"width: 660px\" class=\"wp-caption aligncenter\"><a href=\"http:\/\/www.maisbn.com\/portal\/wp-content\/uploads\/2017\/02\/vereador_alfredo001.jpg\"><img loading=\"lazy\" decoding=\"async\" aria-describedby=\"caption-attachment-13890\" class=\"wp-image-13890 size-full\" src=\"http:\/\/www.maisbn.com\/portal\/wp-content\/uploads\/2017\/02\/vereador_alfredo001.jpg\" alt=\"Vereador Alfredo Aberceb.\" width=\"650\" height=\"412\" \/><\/a><p id=\"caption-attachment-13890\" class=\"wp-caption-text\">Vereador Alfredo Aberceb. Arquivo Equipe +BN<\/p><\/div>\n<p>A internet gr\u00e1tis \u00e9 uma realiza\u00e7\u00e3o do Vereador e Vice-presidente da C\u00e2mara, Alfredo Aberceb. O edil contou para a nossa equipe que o objetivo \u00e9 proporcionar uma internet de qualidade para que os jovens possam utilizar para pesquisas escolares e lazer. <strong><em>&#8220;Muitas pessoas n\u00e3o tem acesso a internet em casa e tem dificuldades em ir para uma lan house. O que eu estou fazendo \u00e9 proporcionar, atrav\u00e9s desse canal de comunica\u00e7\u00e3o, uma oportunidade de di\u00e1logo social, de aprendizado e de lazer dispon\u00edvel e aberto para toda a comunidade.&#8221;<\/em> <\/strong>&#8211; Finalizou Alfredo.<\/p>\n","protected":false},"excerpt":{"rendered":"<p>Na manh\u00e3 dessa sexta-feira (18\/08) entrou em funcionamento o acesso \u00e0 internet gr\u00e1tis da Pra\u00e7a Castro Alves, localizada no centro do distrito de Barrol\u00e2ndia. A conex\u00e3o, que tem alcance circunferencial de 400 metros conta com a tecnologia wi-fi e, segundo o t\u00e9cnico que fez as instala\u00e7\u00f5es dos equipamentos, tem alta velocidade e capacidade para atender [&hellip;]<\/p>\n","protected":false},"author":7,"featured_media":15990,"comment_status":"open","ping_status":"open","sticky":false,"template":"","format":"standard","meta":{"footnotes":""},"categories":[45,1],"tags":[108],"class_list":["post-15987","post","type-post","status-publish","format-standard","has-post-thumbnail","hentry","category-cidades","category-noticias","tag-belmonte"],"_links":{"self":[{"href":"https:\/\/www.maisbn.com\/portal\/wp-json\/wp\/v2\/posts\/15987","targetHints":{"allow":["GET"]}}],"collection":[{"href":"https:\/\/www.maisbn.com\/portal\/wp-json\/wp\/v2\/posts"}],"about":[{"href":"https:\/\/www.maisbn.com\/portal\/wp-json\/wp\/v2\/types\/post"}],"author":[{"embeddable":true,"href":"https:\/\/www.maisbn.com\/portal\/wp-json\/wp\/v2\/users\/7"}],"replies":[{"embeddable":true,"href":"https:\/\/www.maisbn.com\/portal\/wp-json\/wp\/v2\/comments?post=15987"}],"version-history":[{"count":2,"href":"https:\/\/www.maisbn.com\/portal\/wp-json\/wp\/v2\/posts\/15987\/revisions"}],"predecessor-version":[{"id":15992,"href":"https:\/\/www.maisbn.com\/portal\/wp-json\/wp\/v2\/posts\/15987\/revisions\/15992"}],"wp:featuredmedia":[{"embeddable":true,"href":"https:\/\/www.maisbn.com\/portal\/wp-json\/wp\/v2\/media\/15990"}],"wp:attachment":[{"href":"https:\/\/www.maisbn.com\/portal\/wp-json\/wp\/v2\/media?parent=15987"}],"wp:term":[{"taxonomy":"category","embeddable":true,"href":"https:\/\/www.maisbn.com\/portal\/wp-json\/wp\/v2\/categories?post=15987"},{"taxonomy":"post_tag","embeddable":true,"href":"https:\/\/www.maisbn.com\/portal\/wp-json\/wp\/v2\/tags?post=15987"}],"curies":[{"name":"wp","href":"https:\/\/api.w.org\/{rel}","templated":true}]}}