{"id":15966,"date":"2017-08-17T08:08:25","date_gmt":"2017-08-17T11:08:25","guid":{"rendered":"http:\/\/www.maisbn.com\/portal\/?p=15966"},"modified":"2017-08-17T08:14:07","modified_gmt":"2017-08-17T11:14:07","slug":"prefeito-janival-visita-o-interior-e-informa-que-ira-ao-distrito-de-boca-do-corrego","status":"publish","type":"post","link":"https:\/\/www.maisbn.com\/portal\/2017\/08\/prefeito-janival-visita-o-interior-e-informa-que-ira-ao-distrito-de-boca-do-corrego\/","title":{"rendered":"Prefeito Janival visita o interior e informa que ir\u00e1 ao distrito de Boca do C\u00f3rrego."},"content":{"rendered":"<p>O Prefeito Janival Borges anunciou que vai nessa quinta-feira (17\/08) ao Distrito de Boca do C\u00f3rrego, juntamente com vereadores e secret\u00e1rios para conversar com a popula\u00e7\u00e3o e ouvir as reivindica\u00e7\u00f5es. O gestor fez o an\u00fancio por meio de um comunicado \u00e0 imprensa publicado na noite dessa quarta-feira (16\/08).<\/p>\n<p><a href=\"http:\/\/www.maisbn.com\/portal\/wp-content\/uploads\/2017\/08\/obras_visita00014.jpg\"><img loading=\"lazy\" decoding=\"async\" class=\"aligncenter  wp-image-15970\" src=\"http:\/\/www.maisbn.com\/portal\/wp-content\/uploads\/2017\/08\/obras_visita00014.jpg\" alt=\"obras_visita00014\" width=\"600\" height=\"385\" \/><\/a><\/p>\n<p>No comunicado o gestor belmontense ainda informa que esteve durante todo o dia visitando o interior onde passou pelo povoado do Ub\u00fa e visitou a equipe do CDA que fazia o cadastramento das propriedades rurais para a emiss\u00e3o dos t\u00edtulos de terra. O Prefeito ainda comentou que visitou as obras da estrada entre o Ub\u00fa e o Engenho de Areia que est\u00e3o sob os cuidados do Sr. Luciano, Secret\u00e1rio de Infraestrutura. Janival Borges tamb\u00e9m visitou obras e pr\u00e9dios escolares\u00a0 e vistoriou a Estrada da Beira do Rio onde prometeu interven\u00e7\u00f5es e recupera\u00e7\u00e3o dos estragos provocados pela chuva. Por final, o gestor conferiu a recupera\u00e7\u00e3o bem sucedida do trecho da estrada que liga a BA-275 \u00e0 Beira do Rio. Em todas essas visitas o Prefeito esteve na companhia do Vereador Idinho.<\/p>\n<p><a href=\"http:\/\/www.maisbn.com\/portal\/wp-content\/uploads\/2017\/08\/mosaico_obras_bocadocorrego.jpg\"><img loading=\"lazy\" decoding=\"async\" class=\"aligncenter  wp-image-15971\" src=\"http:\/\/www.maisbn.com\/portal\/wp-content\/uploads\/2017\/08\/mosaico_obras_bocadocorrego.jpg\" alt=\"mosaico_obras_bocadocorrego\" width=\"600\" height=\"386\" \/><\/a><\/p>\n<p>O Prefeito finalizou a visita ao interior com a vistoria das obras do Luz para Todos que est\u00e3o acontecendo na regi\u00e3o dos Brejinhos, C\u00eapa e v\u00e1rias outras comunidades localizadas ao longo da BA-275.<strong><em> &#8220;Fico muito feliz ao ver mais de 500 fam\u00edlias, em todo o munic\u00edpio, sendo contempladas com energia el\u00e9trica, que vem trazer mais conforto e qualidade de vida ao homem do campo. \u00c9 gratificante, tamb\u00e9m, saber que estamos proporcionando aos moradores da zona rural um acesso digno a suas propriedades. Estas conquistas n\u00e3o seriam poss\u00edveis, se n\u00e3o cont\u00e1ssemos com o apoio do Deputado Janio Natal, na luta por nossa Belmonte.&#8221; &#8211; <\/em><\/strong>Declarou o Prefeito.<strong><em><br \/>\n<\/em><\/strong><\/p>\n","protected":false},"excerpt":{"rendered":"<p>O Prefeito Janival Borges anunciou que vai nessa quinta-feira (17\/08) ao Distrito de Boca do C\u00f3rrego, juntamente com vereadores e secret\u00e1rios para conversar com a popula\u00e7\u00e3o e ouvir as reivindica\u00e7\u00f5es. O gestor fez o an\u00fancio por meio de um comunicado \u00e0 imprensa publicado na noite dessa quarta-feira (16\/08). No comunicado o gestor belmontense ainda informa [&hellip;]<\/p>\n","protected":false},"author":7,"featured_media":15970,"comment_status":"open","ping_status":"open","sticky":false,"template":"","format":"standard","meta":{"footnotes":""},"categories":[1,7],"tags":[108],"class_list":["post-15966","post","type-post","status-publish","format-standard","has-post-thumbnail","hentry","category-noticias","category-politica","tag-belmonte"],"_links":{"self":[{"href":"https:\/\/www.maisbn.com\/portal\/wp-json\/wp\/v2\/posts\/15966","targetHints":{"allow":["GET"]}}],"collection":[{"href":"https:\/\/www.maisbn.com\/portal\/wp-json\/wp\/v2\/posts"}],"about":[{"href":"https:\/\/www.maisbn.com\/portal\/wp-json\/wp\/v2\/types\/post"}],"author":[{"embeddable":true,"href":"https:\/\/www.maisbn.com\/portal\/wp-json\/wp\/v2\/users\/7"}],"replies":[{"embeddable":true,"href":"https:\/\/www.maisbn.com\/portal\/wp-json\/wp\/v2\/comments?post=15966"}],"version-history":[{"count":5,"href":"https:\/\/www.maisbn.com\/portal\/wp-json\/wp\/v2\/posts\/15966\/revisions"}],"predecessor-version":[{"id":15974,"href":"https:\/\/www.maisbn.com\/portal\/wp-json\/wp\/v2\/posts\/15966\/revisions\/15974"}],"wp:featuredmedia":[{"embeddable":true,"href":"https:\/\/www.maisbn.com\/portal\/wp-json\/wp\/v2\/media\/15970"}],"wp:attachment":[{"href":"https:\/\/www.maisbn.com\/portal\/wp-json\/wp\/v2\/media?parent=15966"}],"wp:term":[{"taxonomy":"category","embeddable":true,"href":"https:\/\/www.maisbn.com\/portal\/wp-json\/wp\/v2\/categories?post=15966"},{"taxonomy":"post_tag","embeddable":true,"href":"https:\/\/www.maisbn.com\/portal\/wp-json\/wp\/v2\/tags?post=15966"}],"curies":[{"name":"wp","href":"https:\/\/api.w.org\/{rel}","templated":true}]}}