{"id":15960,"date":"2017-08-16T21:35:58","date_gmt":"2017-08-17T00:35:58","guid":{"rendered":"http:\/\/www.maisbn.com\/portal\/?p=15960"},"modified":"2017-08-16T21:35:58","modified_gmt":"2017-08-17T00:35:58","slug":"prefeito-janival-e-populacao-de-boca-do-corrego-nao-entram-em-acordo-e-protesto-continua","status":"publish","type":"post","link":"https:\/\/www.maisbn.com\/portal\/2017\/08\/prefeito-janival-e-populacao-de-boca-do-corrego-nao-entram-em-acordo-e-protesto-continua\/","title":{"rendered":"Prefeito Janival e popula\u00e7\u00e3o de Boca do C\u00f3rrego n\u00e3o entram em acordo e protesto continua."},"content":{"rendered":"<p><a href=\"http:\/\/www.maisbn.com\/portal\/wp-content\/uploads\/2017\/08\/boca_docorregoprotesto00004.jpg\"><img loading=\"lazy\" decoding=\"async\" class=\"aligncenter  wp-image-15964\" src=\"http:\/\/www.maisbn.com\/portal\/wp-content\/uploads\/2017\/08\/boca_docorregoprotesto00004.jpg\" alt=\"boca_docorregoprotesto00004\" width=\"600\" height=\"385\" \/><\/a><\/p>\n<p>As manifesta\u00e7\u00f5es ainda est\u00e3o acontecendo no Distrito de Boca do C\u00f3rrego e a popula\u00e7\u00e3o at\u00e9 a noite dessa quarta-feira (16\/08) continua ocupando o pr\u00e9dio do Col\u00e9gio Municipal Menandro Manahin e permaneceu durante todo o dia ocupando o Posto de Sa\u00fade e a creche que atende a comunidade.<\/p>\n<p><a href=\"http:\/\/www.maisbn.com\/portal\/wp-content\/uploads\/2017\/08\/boca_docorregoprotesto00006.jpg\"><img loading=\"lazy\" decoding=\"async\" class=\"aligncenter  wp-image-15961\" src=\"http:\/\/www.maisbn.com\/portal\/wp-content\/uploads\/2017\/08\/boca_docorregoprotesto00006.jpg\" alt=\"boca_docorregoprotesto00006\" width=\"600\" height=\"385\" \/><\/a><\/p>\n<p>Na parte da tarde o Coordenador da Aten\u00e7\u00e3o B\u00e1sica, o Sr. Ricardo, foi ao distrito de Boca do C\u00f3rrego ouvir as reclama\u00e7\u00f5es, levar alguns materiais e fazer uma an\u00e1lise das depend\u00eancias do Posto de Sa\u00fade. Ricardo conversou com os manifestantes, ouviu as reivindica\u00e7\u00f5es, mas n\u00e3o houve entendimento entre as partes e o movimento foi mantido. A popula\u00e7\u00e3o pede a presen\u00e7a do Prefeito Janival Borges e acusa o gestor de aparecer s\u00f3 na \u00e9poca de pedir votos. O Prefeito, por sua vez, se nega a ir ao distrito e pede que os manifestantes formem uma comiss\u00e3o para encontra-lo em seu gabinete na Prefeitura de Belmonte.<\/p>\n<p><a href=\"http:\/\/www.maisbn.com\/portal\/wp-content\/uploads\/2017\/08\/boca_docorregoprotesto00008.jpg\"><img loading=\"lazy\" decoding=\"async\" class=\"aligncenter wp-image-15963 \" src=\"http:\/\/www.maisbn.com\/portal\/wp-content\/uploads\/2017\/08\/boca_docorregoprotesto00008.jpg\" alt=\"\" width=\"600\" height=\"385\" \/><\/a><\/p>\n<p>Al\u00e9m das redes sociais, o protesto em Boca do C\u00f3rrego foi not\u00edcia principal em diversos sites e r\u00e1dios da regi\u00e3o. Moradores do distrito ligaram para os programas jornal\u00edsticos e teceram diversas cr\u00edticas ao prefeito de Belmonte o acusando de ditador e traidor do povo de Belmonte. Algumas r\u00e1dios informaram que tentaram durante todo o dia contato com o gestor belmontense, mas n\u00e3o obtiveram resposta do mesmo e nem da assessoria de imprensa da Prefeitura.<\/p>\n<p><a href=\"http:\/\/www.maisbn.com\/portal\/wp-content\/uploads\/2017\/08\/boca_docorregoprotesto00002.jpg\"><img loading=\"lazy\" decoding=\"async\" class=\"aligncenter  wp-image-15962\" src=\"http:\/\/www.maisbn.com\/portal\/wp-content\/uploads\/2017\/08\/boca_docorregoprotesto00002.jpg\" alt=\"boca_docorregoprotesto00002\" width=\"600\" height=\"385\" \/><\/a><\/p>\n<p>A popula\u00e7\u00e3o continua irredut\u00edvel e j\u00e1 prometeu que nessa quinta-feira (17\/08) os protestos continuar\u00e3o na tentativa de fazer o Prefeito Janival Borges negociar e atender as necessidades de Boca do C\u00f3rrego. &#8220;<strong><em>O que queremos \u00e9 uma posi\u00e7\u00e3o do Prefeito e que ele nos ou\u00e7a. Porque ele n\u00e3o teve vergonha de vir aqui na \u00e9poca da pol\u00edtica pedir o nosso voto? Vamos continuar porque Boca do C\u00f3rrego merece respeito.&#8221;<\/em> <\/strong>&#8211; Comentou um dos l\u00edderes da manifesta\u00e7\u00e3o.<\/p>\n<p>&nbsp;<\/p>\n<p>&nbsp;<\/p>\n","protected":false},"excerpt":{"rendered":"<p>As manifesta\u00e7\u00f5es ainda est\u00e3o acontecendo no Distrito de Boca do C\u00f3rrego e a popula\u00e7\u00e3o at\u00e9 a noite dessa quarta-feira (16\/08) continua ocupando o pr\u00e9dio do Col\u00e9gio Municipal Menandro Manahin e permaneceu durante todo o dia ocupando o Posto de Sa\u00fade e a creche que atende a comunidade. Na parte da tarde o Coordenador da Aten\u00e7\u00e3o [&hellip;]<\/p>\n","protected":false},"author":7,"featured_media":15962,"comment_status":"open","ping_status":"open","sticky":false,"template":"","format":"standard","meta":{"footnotes":""},"categories":[45,1],"tags":[108],"class_list":["post-15960","post","type-post","status-publish","format-standard","has-post-thumbnail","hentry","category-cidades","category-noticias","tag-belmonte"],"_links":{"self":[{"href":"https:\/\/www.maisbn.com\/portal\/wp-json\/wp\/v2\/posts\/15960","targetHints":{"allow":["GET"]}}],"collection":[{"href":"https:\/\/www.maisbn.com\/portal\/wp-json\/wp\/v2\/posts"}],"about":[{"href":"https:\/\/www.maisbn.com\/portal\/wp-json\/wp\/v2\/types\/post"}],"author":[{"embeddable":true,"href":"https:\/\/www.maisbn.com\/portal\/wp-json\/wp\/v2\/users\/7"}],"replies":[{"embeddable":true,"href":"https:\/\/www.maisbn.com\/portal\/wp-json\/wp\/v2\/comments?post=15960"}],"version-history":[{"count":1,"href":"https:\/\/www.maisbn.com\/portal\/wp-json\/wp\/v2\/posts\/15960\/revisions"}],"predecessor-version":[{"id":15965,"href":"https:\/\/www.maisbn.com\/portal\/wp-json\/wp\/v2\/posts\/15960\/revisions\/15965"}],"wp:featuredmedia":[{"embeddable":true,"href":"https:\/\/www.maisbn.com\/portal\/wp-json\/wp\/v2\/media\/15962"}],"wp:attachment":[{"href":"https:\/\/www.maisbn.com\/portal\/wp-json\/wp\/v2\/media?parent=15960"}],"wp:term":[{"taxonomy":"category","embeddable":true,"href":"https:\/\/www.maisbn.com\/portal\/wp-json\/wp\/v2\/categories?post=15960"},{"taxonomy":"post_tag","embeddable":true,"href":"https:\/\/www.maisbn.com\/portal\/wp-json\/wp\/v2\/tags?post=15960"}],"curies":[{"name":"wp","href":"https:\/\/api.w.org\/{rel}","templated":true}]}}