{"id":15954,"date":"2017-08-16T08:50:54","date_gmt":"2017-08-16T11:50:54","guid":{"rendered":"http:\/\/www.maisbn.com\/portal\/?p=15954"},"modified":"2017-08-16T13:53:42","modified_gmt":"2017-08-16T16:53:42","slug":"prefeito-se-nega-a-conversar-com-manifestantes-e-protesto-continua-em-boca-do-corrego","status":"publish","type":"post","link":"https:\/\/www.maisbn.com\/portal\/2017\/08\/prefeito-se-nega-a-conversar-com-manifestantes-e-protesto-continua-em-boca-do-corrego\/","title":{"rendered":"Prefeito se nega a conversar com manifestantes e protesto continua em Boca do C\u00f3rrego."},"content":{"rendered":"<p>A situa\u00e7\u00e3o do distrito de Boca do C\u00f3rrego continua tensa e n\u00e3o h\u00e1 previs\u00e3o de solu\u00e7\u00e3o, segundo informa\u00e7\u00f5es dos manifestantes que, mais uma vez, na manh\u00e3 dessa quarta-feira (16\/08) interditaram o acesso \u00e0 Escola Municipal Menandro Manahin, \u00e0 creche e ao Posto de Sa\u00fade que atendem \u00e0 comunidade.<\/p>\n<p><a href=\"http:\/\/www.maisbn.com\/portal\/wp-content\/uploads\/2017\/08\/manifesta\u00e7\u00e3o_bocadocorrego200005.jpg\"><img loading=\"lazy\" decoding=\"async\" class=\"aligncenter wp-image-15946\" src=\"http:\/\/www.maisbn.com\/portal\/wp-content\/uploads\/2017\/08\/manifesta\u00e7\u00e3o_bocadocorrego200005.jpg\" alt=\"manifesta\u00e7\u00e3o_bocadocorrego200005\" width=\"600\" height=\"385\" \/><\/a><\/p>\n<p>O protesto foi iniciado por volta das 06:00Hrs dessa ter\u00e7a-feira (15\/08), quando a popula\u00e7\u00e3o fechou os pr\u00e9dios citados. O movimento deu uma pausa na parte da tarde e foi reiniciado por volta das 18:00Hrs onde fechou-se o col\u00e9gio at\u00e9 \u00e0s 21:00Hrs e os alunos tiveram as aulas suspensas. O Prefeito Janival Borges se negou a ir negociar com os manifestantes e, at\u00e9 o momento, n\u00e3o enviou nenhum representante a Boca do C\u00f3rrego. A popula\u00e7\u00e3o informa que est\u00e1 revoltada com o atendimento da sa\u00fade, bem como, as condi\u00e7\u00f5es do col\u00e9gio e da creche que atendem \u00e0quela comunidade. Os manifestantes ainda pedem uma Ambul\u00e2ncia para Boca do C\u00f3rrego para facilitar o atendimento aos casos de emerg\u00eancias de sa\u00fade que acontecem no distrito.<\/p>\n<p><a href=\"http:\/\/www.maisbn.com\/portal\/wp-content\/uploads\/2017\/08\/manifesta\u00e7\u00e3o_bocadocorrego200004.jpg\"><img loading=\"lazy\" decoding=\"async\" class=\"aligncenter wp-image-15945\" src=\"http:\/\/www.maisbn.com\/portal\/wp-content\/uploads\/2017\/08\/manifesta\u00e7\u00e3o_bocadocorrego200004.jpg\" alt=\"manifesta\u00e7\u00e3o_bocadocorrego200004\" width=\"600\" height=\"385\" \/><\/a><\/p>\n<p>A situa\u00e7\u00e3o j\u00e1 est\u00e1 causando preocupa\u00e7\u00e3o aos pais e alunos do distrito de Boca do C\u00f3rrego que temem um preju\u00edzo ainda maior do calend\u00e1rio escolar por causa das manifesta\u00e7\u00f5es. Uma moradora do povoado informou que os pais e alunos tamb\u00e9m est\u00e3o formando um grupo para protestar e tentar conversar com o Prefeito Janival Borges para se chegar a uma solu\u00e7\u00e3o para o impasse. <strong><em>&#8220;Eu entendo que temos que protestar porque a situa\u00e7\u00e3o est\u00e1 muito dif\u00edcil aqui em Boca do C\u00f3rrego, mas estou preocupada com os meus filhos. O calend\u00e1rio escolar j\u00e1 est\u00e1 atrasado devido \u00e0 greve dos professores. Agora, se continuar assim, nossas crian\u00e7as ir\u00e3o ficar com o ano perdido. Temos que fazer alguma coisa ou vai ficar imposs\u00edvel morar aqui em Boca do C\u00f3rrego&#8221; &#8211; <\/em><\/strong>Comentou a moradora que pediu para n\u00e3o ser identificada.<\/p>\n<p>&nbsp;<\/p>\n","protected":false},"excerpt":{"rendered":"<p>A situa\u00e7\u00e3o do distrito de Boca do C\u00f3rrego continua tensa e n\u00e3o h\u00e1 previs\u00e3o de solu\u00e7\u00e3o, segundo informa\u00e7\u00f5es dos manifestantes que, mais uma vez, na manh\u00e3 dessa quarta-feira (16\/08) interditaram o acesso \u00e0 Escola Municipal Menandro Manahin, \u00e0 creche e ao Posto de Sa\u00fade que atendem \u00e0 comunidade. O protesto foi iniciado por volta das [&hellip;]<\/p>\n","protected":false},"author":7,"featured_media":15946,"comment_status":"open","ping_status":"open","sticky":false,"template":"","format":"standard","meta":{"footnotes":""},"categories":[1],"tags":[108],"class_list":["post-15954","post","type-post","status-publish","format-standard","has-post-thumbnail","hentry","category-noticias","tag-belmonte"],"_links":{"self":[{"href":"https:\/\/www.maisbn.com\/portal\/wp-json\/wp\/v2\/posts\/15954","targetHints":{"allow":["GET"]}}],"collection":[{"href":"https:\/\/www.maisbn.com\/portal\/wp-json\/wp\/v2\/posts"}],"about":[{"href":"https:\/\/www.maisbn.com\/portal\/wp-json\/wp\/v2\/types\/post"}],"author":[{"embeddable":true,"href":"https:\/\/www.maisbn.com\/portal\/wp-json\/wp\/v2\/users\/7"}],"replies":[{"embeddable":true,"href":"https:\/\/www.maisbn.com\/portal\/wp-json\/wp\/v2\/comments?post=15954"}],"version-history":[{"count":2,"href":"https:\/\/www.maisbn.com\/portal\/wp-json\/wp\/v2\/posts\/15954\/revisions"}],"predecessor-version":[{"id":15959,"href":"https:\/\/www.maisbn.com\/portal\/wp-json\/wp\/v2\/posts\/15954\/revisions\/15959"}],"wp:featuredmedia":[{"embeddable":true,"href":"https:\/\/www.maisbn.com\/portal\/wp-json\/wp\/v2\/media\/15946"}],"wp:attachment":[{"href":"https:\/\/www.maisbn.com\/portal\/wp-json\/wp\/v2\/media?parent=15954"}],"wp:term":[{"taxonomy":"category","embeddable":true,"href":"https:\/\/www.maisbn.com\/portal\/wp-json\/wp\/v2\/categories?post=15954"},{"taxonomy":"post_tag","embeddable":true,"href":"https:\/\/www.maisbn.com\/portal\/wp-json\/wp\/v2\/tags?post=15954"}],"curies":[{"name":"wp","href":"https:\/\/api.w.org\/{rel}","templated":true}]}}