{"id":15942,"date":"2017-08-15T14:49:33","date_gmt":"2017-08-15T17:49:33","guid":{"rendered":"http:\/\/www.maisbn.com\/portal\/?p=15942"},"modified":"2017-08-15T15:20:25","modified_gmt":"2017-08-15T18:20:25","slug":"moradores-de-boca-do-corrego-fazem-protesto-e-exigem-melhorias-para-o-distrito","status":"publish","type":"post","link":"https:\/\/www.maisbn.com\/portal\/2017\/08\/moradores-de-boca-do-corrego-fazem-protesto-e-exigem-melhorias-para-o-distrito\/","title":{"rendered":"Moradores de Boca do C\u00f3rrego fazem protesto e exigem melhorias para o distrito."},"content":{"rendered":"<p><a href=\"http:\/\/www.maisbn.com\/portal\/wp-content\/uploads\/2017\/08\/manifesta\u00e7\u00e3o_bocadocorrego200003.jpg\"><img loading=\"lazy\" decoding=\"async\" class=\"aligncenter wp-image-15943\" src=\"http:\/\/www.maisbn.com\/portal\/wp-content\/uploads\/2017\/08\/manifesta\u00e7\u00e3o_bocadocorrego200003.jpg\" alt=\"manifesta\u00e7\u00e3o_bocadocorrego200003\" width=\"600\" height=\"385\" \/><\/a><\/p>\n<p>A popula\u00e7\u00e3o de Boca do C\u00f3rrego iniciou uma novo protesto na manh\u00e3 dessa ter\u00e7a-feira (15\/08). O movimento foi iniciado por volta das 06:00Hrs da manh\u00e3 quando os moradores fecharam o col\u00e9gio, a creche e o Posto de Sa\u00fade. O ato, segundo os organizadores, tem como objetivo sensibilizar a gest\u00e3o municipal com rela\u00e7\u00e3o a problemas no atendimento da sa\u00fade e nas estruturas do col\u00e9gio e da creche que atendem a comunidade. A popula\u00e7\u00e3o ainda pede uma ambul\u00e2ncia para atender os moradores do distrito.<strong><em>&#8220;J\u00e1 tem um tempo que estamos pedindo melhorias e n\u00e3o estamos sendo atendidos. A \u00fanica solu\u00e7\u00e3o foi realizar essa a\u00e7\u00e3o pra ver se o Prefeito lembra da gente.&#8221;<\/em><\/strong> &#8211; Comentou um dos manifestantes.<\/p>\n<p><a href=\"http:\/\/www.maisbn.com\/portal\/wp-content\/uploads\/2017\/08\/manifesta\u00e7\u00e3o_bocadocorrego200002.jpg\"><img loading=\"lazy\" decoding=\"async\" class=\"aligncenter wp-image-15944\" src=\"http:\/\/www.maisbn.com\/portal\/wp-content\/uploads\/2017\/08\/manifesta\u00e7\u00e3o_bocadocorrego200002.jpg\" alt=\"manifesta\u00e7\u00e3o_bocadocorrego200002\" width=\"600\" height=\"385\" \/><\/a><\/p>\n<p>Informa\u00e7\u00f5es colhidas no local constam que o Prefeito Janival Borges j\u00e1 avisou que n\u00e3o vai a Boca do C\u00f3rrego conversar com os manifestantes e que o gestor pediu para que os mesmos formem uma comiss\u00e3o para se reunir com ele em seu gabinete na Prefeitura de Belmonte. Ainda, segundo apurado, um representante da Secretaria de Sa\u00fade est\u00e1 se dirigindo ao distrito para avaliar as condi\u00e7\u00f5es do Posto.<\/p>\n<p><a href=\"http:\/\/www.maisbn.com\/portal\/wp-content\/uploads\/2017\/08\/manifesta\u00e7\u00e3o_bocadocorrego200004.jpg\"><img loading=\"lazy\" decoding=\"async\" class=\"aligncenter size-full wp-image-15945\" src=\"http:\/\/www.maisbn.com\/portal\/wp-content\/uploads\/2017\/08\/manifesta\u00e7\u00e3o_bocadocorrego200004.jpg\" alt=\"manifesta\u00e7\u00e3o_bocadocorrego200004\" width=\"642\" height=\"412\" \/><\/a><\/p>\n<p>O movimento foi encerrado por volta das 15:00Hrs, mas os manifestantes j\u00e1 informaram que o protesto ser\u00e1 reiniciado na manh\u00e3 dessa quarta-feira (16\/08) e permanecer\u00e1 acontecendo at\u00e9 o Prefeito Janival Borges sentar com a comunidade e tomar provid\u00eancias para sanar os problemas apontados. <strong><em>&#8220;Queremos uma posi\u00e7\u00e3o do Prefeito. Queremos estabelecer um di\u00e1logo para resolver a situa\u00e7\u00e3o de Boca do C\u00f3rrego.&#8221;<\/em><\/strong> &#8211; Informou outro manifestante revoltado.<\/p>\n<p>Essa \u00e9 a segunda manifesta\u00e7\u00e3o que acontece em Boca do C\u00f3rrego esse m\u00eas. A primeira ocorreu na \u00faltima sexta-feira (11\/08) quando a popula\u00e7\u00e3o fechou a estrada que d\u00e1 acesso ao distrito e s\u00f3 liberou depois que representantes da Empresa Veracel estiveram no local e prometeram efetuar a manuten\u00e7\u00e3o da rodovia.<\/p>\n","protected":false},"excerpt":{"rendered":"<p>A popula\u00e7\u00e3o de Boca do C\u00f3rrego iniciou uma novo protesto na manh\u00e3 dessa ter\u00e7a-feira (15\/08). O movimento foi iniciado por volta das 06:00Hrs da manh\u00e3 quando os moradores fecharam o col\u00e9gio, a creche e o Posto de Sa\u00fade. O ato, segundo os organizadores, tem como objetivo sensibilizar a gest\u00e3o municipal com rela\u00e7\u00e3o a problemas no [&hellip;]<\/p>\n","protected":false},"author":7,"featured_media":15946,"comment_status":"open","ping_status":"open","sticky":false,"template":"","format":"standard","meta":{"footnotes":""},"categories":[45,1],"tags":[108],"class_list":["post-15942","post","type-post","status-publish","format-standard","has-post-thumbnail","hentry","category-cidades","category-noticias","tag-belmonte"],"_links":{"self":[{"href":"https:\/\/www.maisbn.com\/portal\/wp-json\/wp\/v2\/posts\/15942","targetHints":{"allow":["GET"]}}],"collection":[{"href":"https:\/\/www.maisbn.com\/portal\/wp-json\/wp\/v2\/posts"}],"about":[{"href":"https:\/\/www.maisbn.com\/portal\/wp-json\/wp\/v2\/types\/post"}],"author":[{"embeddable":true,"href":"https:\/\/www.maisbn.com\/portal\/wp-json\/wp\/v2\/users\/7"}],"replies":[{"embeddable":true,"href":"https:\/\/www.maisbn.com\/portal\/wp-json\/wp\/v2\/comments?post=15942"}],"version-history":[{"count":4,"href":"https:\/\/www.maisbn.com\/portal\/wp-json\/wp\/v2\/posts\/15942\/revisions"}],"predecessor-version":[{"id":15950,"href":"https:\/\/www.maisbn.com\/portal\/wp-json\/wp\/v2\/posts\/15942\/revisions\/15950"}],"wp:featuredmedia":[{"embeddable":true,"href":"https:\/\/www.maisbn.com\/portal\/wp-json\/wp\/v2\/media\/15946"}],"wp:attachment":[{"href":"https:\/\/www.maisbn.com\/portal\/wp-json\/wp\/v2\/media?parent=15942"}],"wp:term":[{"taxonomy":"category","embeddable":true,"href":"https:\/\/www.maisbn.com\/portal\/wp-json\/wp\/v2\/categories?post=15942"},{"taxonomy":"post_tag","embeddable":true,"href":"https:\/\/www.maisbn.com\/portal\/wp-json\/wp\/v2\/tags?post=15942"}],"curies":[{"name":"wp","href":"https:\/\/api.w.org\/{rel}","templated":true}]}}