{"id":15926,"date":"2017-08-14T15:44:41","date_gmt":"2017-08-14T18:44:41","guid":{"rendered":"http:\/\/www.maisbn.com\/portal\/?p=15926"},"modified":"2017-08-14T15:44:41","modified_gmt":"2017-08-14T18:44:41","slug":"iniciativa-do-vereador-alfredo-proporciona-internet-gratuita-para-a-comunidade-de-barrolandia","status":"publish","type":"post","link":"https:\/\/www.maisbn.com\/portal\/2017\/08\/iniciativa-do-vereador-alfredo-proporciona-internet-gratuita-para-a-comunidade-de-barrolandia\/","title":{"rendered":"Iniciativa do Vereador Alfredo proporciona internet gratuita para a comunidade de Barrol\u00e2ndia."},"content":{"rendered":"<p><a href=\"http:\/\/www.maisbn.com\/portal\/wp-content\/uploads\/2017\/08\/alfredo_internet00001.jpg\"><img loading=\"lazy\" decoding=\"async\" class=\"aligncenter  wp-image-15927\" src=\"http:\/\/www.maisbn.com\/portal\/wp-content\/uploads\/2017\/08\/alfredo_internet00001.jpg\" alt=\"alfredo_internet00001\" width=\"600\" height=\"385\" \/><\/a><\/p>\n<p>A popula\u00e7\u00e3o de Barrol\u00e2ndia passar\u00e1 a usufruir de servi\u00e7o de internet inteiramente gratuito, gra\u00e7as \u00e0 iniciativa do Vereador e Vice-presidente da C\u00e2mara Alfredo Aberceb. O edil est\u00e1 custeando os equipamentos, a instala\u00e7\u00e3o e a rede de dados com recursos pr\u00f3prios e esteve em Barrol\u00e2ndia, acompanhado de amigos, nesse final de semana para acompanhar o trabalho de instala\u00e7\u00e3o realizado pelos t\u00e9cnicos.<\/p>\n<p>Os comerciantes gostaram da novidade e acreditam que a iniciativa aumentar\u00e1 a movimenta\u00e7\u00e3o de pessoas e potenciais clientes no centro do distrito. O acesso \u00e0 internet tamb\u00e9m poder\u00e1 levar \u00e0 abertura de pequenos com\u00e9rcios a serem instalados na localidade visando aproveitar e atender \u00e0s pessoas que passar\u00e3o a frequentar a pra\u00e7a, principalmente \u00e0 noite.<\/p>\n<p>Em conversa com nossa equipe, Alfredo Aberceb, comentou que acredita que a sua iniciativa contribuir\u00e1 para movimentar o centro de Barrol\u00e2ndia e que pode significar oportunidade de neg\u00f3cios, j\u00e1 que, as pessoas podem pensar em diversas formas para atender a esse novo p\u00fablico que passar\u00e1 a frequentar o local. O Vereador ainda comentou que a sua iniciativa visa como \u00fanico objetivo trazer melhorias para Barrol\u00e2ndia, afastando a possibilidade de boatos e intrigas pol\u00edticas futuras. &#8220;<em><strong>Eu deixo bem claro que o meu objetivo aqui n\u00e3o \u00e9 menosprezar os meus colegas vereadores do distrito. Eu acho que o vereador n\u00e3o pode ficar confinado em uma s\u00f3 comunidade, ele tem que agir pensando na popula\u00e7\u00e3o como um todo e \u00e9 isso que eu estou fazendo. Todos eles s\u00e3o meus amigos e vem realizando um trabalho importante em Barrol\u00e2ndia. O meu objetivo \u00e9 ajudar e somar esfor\u00e7os para melhorar a qualidade de vida do povo belmontense que confiou em min atrav\u00e9s dos seus votos na urna.&#8221;<\/strong> &#8211; <\/em>Comentou Alfredo.<\/p>\n<p>&nbsp;<\/p>\n<p>&nbsp;<\/p>\n","protected":false},"excerpt":{"rendered":"<p>A popula\u00e7\u00e3o de Barrol\u00e2ndia passar\u00e1 a usufruir de servi\u00e7o de internet inteiramente gratuito, gra\u00e7as \u00e0 iniciativa do Vereador e Vice-presidente da C\u00e2mara Alfredo Aberceb. O edil est\u00e1 custeando os equipamentos, a instala\u00e7\u00e3o e a rede de dados com recursos pr\u00f3prios e esteve em Barrol\u00e2ndia, acompanhado de amigos, nesse final de semana para acompanhar o trabalho [&hellip;]<\/p>\n","protected":false},"author":7,"featured_media":15927,"comment_status":"open","ping_status":"open","sticky":false,"template":"","format":"standard","meta":{"footnotes":""},"categories":[45,1],"tags":[108],"class_list":["post-15926","post","type-post","status-publish","format-standard","has-post-thumbnail","hentry","category-cidades","category-noticias","tag-belmonte"],"_links":{"self":[{"href":"https:\/\/www.maisbn.com\/portal\/wp-json\/wp\/v2\/posts\/15926","targetHints":{"allow":["GET"]}}],"collection":[{"href":"https:\/\/www.maisbn.com\/portal\/wp-json\/wp\/v2\/posts"}],"about":[{"href":"https:\/\/www.maisbn.com\/portal\/wp-json\/wp\/v2\/types\/post"}],"author":[{"embeddable":true,"href":"https:\/\/www.maisbn.com\/portal\/wp-json\/wp\/v2\/users\/7"}],"replies":[{"embeddable":true,"href":"https:\/\/www.maisbn.com\/portal\/wp-json\/wp\/v2\/comments?post=15926"}],"version-history":[{"count":1,"href":"https:\/\/www.maisbn.com\/portal\/wp-json\/wp\/v2\/posts\/15926\/revisions"}],"predecessor-version":[{"id":15928,"href":"https:\/\/www.maisbn.com\/portal\/wp-json\/wp\/v2\/posts\/15926\/revisions\/15928"}],"wp:featuredmedia":[{"embeddable":true,"href":"https:\/\/www.maisbn.com\/portal\/wp-json\/wp\/v2\/media\/15927"}],"wp:attachment":[{"href":"https:\/\/www.maisbn.com\/portal\/wp-json\/wp\/v2\/media?parent=15926"}],"wp:term":[{"taxonomy":"category","embeddable":true,"href":"https:\/\/www.maisbn.com\/portal\/wp-json\/wp\/v2\/categories?post=15926"},{"taxonomy":"post_tag","embeddable":true,"href":"https:\/\/www.maisbn.com\/portal\/wp-json\/wp\/v2\/tags?post=15926"}],"curies":[{"name":"wp","href":"https:\/\/api.w.org\/{rel}","templated":true}]}}