{"id":15909,"date":"2017-08-13T01:30:32","date_gmt":"2017-08-13T04:30:32","guid":{"rendered":"http:\/\/www.maisbn.com\/portal\/?p=15909"},"modified":"2017-08-13T01:30:32","modified_gmt":"2017-08-13T04:30:32","slug":"prefeito-janival-visita-instalacoes-provisorias-do-pelotao-da-policia-militar-em-barrolandia","status":"publish","type":"post","link":"https:\/\/www.maisbn.com\/portal\/2017\/08\/prefeito-janival-visita-instalacoes-provisorias-do-pelotao-da-policia-militar-em-barrolandia\/","title":{"rendered":"Prefeito Janival visita instala\u00e7\u00f5es provis\u00f3rias do Pelot\u00e3o da Pol\u00edcia Militar em Barrol\u00e2ndia."},"content":{"rendered":"<p><a href=\"http:\/\/www.maisbn.com\/portal\/wp-content\/uploads\/2017\/08\/policia_pelotao_barrolandia00001.jpg\"><img loading=\"lazy\" decoding=\"async\" class=\"aligncenter size-full wp-image-15910\" src=\"http:\/\/www.maisbn.com\/portal\/wp-content\/uploads\/2017\/08\/policia_pelotao_barrolandia00001.jpg\" alt=\"policia_pelotao_barrolandia00001\" width=\"642\" height=\"412\" \/><\/a><\/p>\n<p>O Prefeito Janival Borges esteve nesse s\u00e1bado (12\/08) em Barrol\u00e2ndia para participar dos festejos em homenagem \u00e0 Nossa Senhora da Cabe\u00e7a e aproveitou para conferir as novas instala\u00e7\u00f5es onde ficar\u00e3o alojadas provisoriamente as guarni\u00e7\u00f5es da Pol\u00edcia Militar que prestam servi\u00e7o no distrito.<\/p>\n<p>Os policiais receberam o gestor e informaram que gostaram da mudan\u00e7a, j\u00e1 que, as antigas instala\u00e7\u00f5es estavam com problemas de encanamento e com problemas no telhado, portas e janelas. Os mesmos ainda revelaram que o antigo pr\u00e9dio sofria com infesta\u00e7\u00e3o de morcegos que representavam riscos de transmiss\u00e3o de doen\u00e7as para as pessoas que trabalhavam no local.<\/p>\n<p>O gestor comentou que a nova casa foi preparada e adaptada para receber os policiais e lhes dar um conforto melhor. O mesmo revelou que as antigas instala\u00e7\u00f5es passar\u00e3o por uma reforma geral em sua estrutura, que ser\u00e1 totalmente restaurada para atender os profissionais com a dignidade e respeito que os mesmos merecem. <strong><em>&#8220;Eu venho do meio militar e sei do compromisso que esses homens tem com as suas obriga\u00e7\u00f5es. Esses profissionais arriscam o seu bem mais precioso, que \u00e9 a vida, para nos proteger. Dar um melhor local de trabalho com condi\u00e7\u00f5es dignas \u00e9 o m\u00ednimo que o poder p\u00fablico e a sociedade podem fazer para retribuir tanto carinho e zelo que os mesmos tem com nossa comunidade.&#8221; <\/em><\/strong>&#8211; Comentou Janival.<\/p>\n<p>A reforma do posto da Pol\u00edcia Militar em Barrol\u00e2ndia \u00e9 uma das a\u00e7\u00f5es do acordo de apoio que a gest\u00e3o atual firmou com as for\u00e7as de seguran\u00e7a que atuam na cidade. O munic\u00edpio ainda banca o combust\u00edvel das viaturas e a alimenta\u00e7\u00e3o das guarni\u00e7\u00f5es do dia. O Prefeito Janival Borges tamb\u00e9m comentou que planeja construir um novo pr\u00e9dio para abrigar os policiais da 5\u00aa Companhia em Belmonte, que hoje est\u00e1 funcionando provisoriamente no antigo Dormit\u00f3rio Municipal. <strong><em>&#8221; O terreno j\u00e1 foi escolhido, o projeto j\u00e1 est\u00e1 em discuss\u00e3o com o comando do 8\u00b0 Batalh\u00e3o e j\u00e1 estamos conseguindo recursos para que as obras comecem o mais r\u00e1pido poss\u00edvel. &#8220;<\/em> <\/strong>&#8211; Finalizou Janival.<\/p>\n<p>&nbsp;<\/p>\n","protected":false},"excerpt":{"rendered":"<p>O Prefeito Janival Borges esteve nesse s\u00e1bado (12\/08) em Barrol\u00e2ndia para participar dos festejos em homenagem \u00e0 Nossa Senhora da Cabe\u00e7a e aproveitou para conferir as novas instala\u00e7\u00f5es onde ficar\u00e3o alojadas provisoriamente as guarni\u00e7\u00f5es da Pol\u00edcia Militar que prestam servi\u00e7o no distrito. Os policiais receberam o gestor e informaram que gostaram da mudan\u00e7a, j\u00e1 que, [&hellip;]<\/p>\n","protected":false},"author":7,"featured_media":15910,"comment_status":"open","ping_status":"open","sticky":false,"template":"","format":"standard","meta":{"footnotes":""},"categories":[45,1],"tags":[108],"class_list":["post-15909","post","type-post","status-publish","format-standard","has-post-thumbnail","hentry","category-cidades","category-noticias","tag-belmonte"],"_links":{"self":[{"href":"https:\/\/www.maisbn.com\/portal\/wp-json\/wp\/v2\/posts\/15909","targetHints":{"allow":["GET"]}}],"collection":[{"href":"https:\/\/www.maisbn.com\/portal\/wp-json\/wp\/v2\/posts"}],"about":[{"href":"https:\/\/www.maisbn.com\/portal\/wp-json\/wp\/v2\/types\/post"}],"author":[{"embeddable":true,"href":"https:\/\/www.maisbn.com\/portal\/wp-json\/wp\/v2\/users\/7"}],"replies":[{"embeddable":true,"href":"https:\/\/www.maisbn.com\/portal\/wp-json\/wp\/v2\/comments?post=15909"}],"version-history":[{"count":1,"href":"https:\/\/www.maisbn.com\/portal\/wp-json\/wp\/v2\/posts\/15909\/revisions"}],"predecessor-version":[{"id":15911,"href":"https:\/\/www.maisbn.com\/portal\/wp-json\/wp\/v2\/posts\/15909\/revisions\/15911"}],"wp:featuredmedia":[{"embeddable":true,"href":"https:\/\/www.maisbn.com\/portal\/wp-json\/wp\/v2\/media\/15910"}],"wp:attachment":[{"href":"https:\/\/www.maisbn.com\/portal\/wp-json\/wp\/v2\/media?parent=15909"}],"wp:term":[{"taxonomy":"category","embeddable":true,"href":"https:\/\/www.maisbn.com\/portal\/wp-json\/wp\/v2\/categories?post=15909"},{"taxonomy":"post_tag","embeddable":true,"href":"https:\/\/www.maisbn.com\/portal\/wp-json\/wp\/v2\/tags?post=15909"}],"curies":[{"name":"wp","href":"https:\/\/api.w.org\/{rel}","templated":true}]}}