{"id":15898,"date":"2017-08-11T20:22:18","date_gmt":"2017-08-11T23:22:18","guid":{"rendered":"http:\/\/www.maisbn.com\/portal\/?p=15898"},"modified":"2017-08-11T20:22:18","modified_gmt":"2017-08-11T23:22:18","slug":"moradores-de-boca-do-corrego-se-revoltam-e-fecham-rodovia-que-da-acesso-ao-povoado","status":"publish","type":"post","link":"https:\/\/www.maisbn.com\/portal\/2017\/08\/moradores-de-boca-do-corrego-se-revoltam-e-fecham-rodovia-que-da-acesso-ao-povoado\/","title":{"rendered":"Moradores de Boca do C\u00f3rrego se revoltam e fecham rodovia que d\u00e1 acesso ao povoado."},"content":{"rendered":"<p><a href=\"http:\/\/www.maisbn.com\/portal\/wp-content\/uploads\/2017\/08\/manifestacaobocadocorrego00002.jpg\"><img loading=\"lazy\" decoding=\"async\" class=\"aligncenter size-full wp-image-15899\" src=\"http:\/\/www.maisbn.com\/portal\/wp-content\/uploads\/2017\/08\/manifestacaobocadocorrego00002.jpg\" alt=\"manifestacaobocadocorrego00002\" width=\"642\" height=\"412\" \/><\/a><\/p>\n<p>Por volta das 04:00Hrs da manh\u00e3 dessa sexta-feira (11\/08) moradores de Boca do C\u00f3rrego fecharam o local conhecido como Ladeira da \u00c1gua Branca e interromperam o acesso \u00e0 localidade por todo o dia. O objetivo principal da manifesta\u00e7\u00e3o foi reivindicar melhores condi\u00e7\u00f5es de seguran\u00e7a. A popula\u00e7\u00e3o ainda cobrou a reforma de um col\u00e9gio, o patrolamento das ruas, uma ambul\u00e2ncia e a manuten\u00e7\u00e3o da estrada que d\u00e1 acesso ao povoado.<\/p>\n<p><a href=\"http:\/\/www.maisbn.com\/portal\/wp-content\/uploads\/2017\/08\/manifestacaobocadocorrego00001.jpg\"><img loading=\"lazy\" decoding=\"async\" class=\"aligncenter size-full wp-image-15900\" src=\"http:\/\/www.maisbn.com\/portal\/wp-content\/uploads\/2017\/08\/manifestacaobocadocorrego00001.jpg\" alt=\"manifestacaobocadocorrego00001\" width=\"642\" height=\"412\" \/><\/a><\/p>\n<p>Um dos manifestantes conversou com nossa equipe e informou que os moradores est\u00e3o assustados com o que aconteceu em Santa Maria Eterna no \u00faltimo dia 03\/08\u00a0 onde 03 bandidos armados tomaram conta do distrito e saquearam os moradores e casas comerciais. <strong><em>&#8220;Boca do C\u00f3rrego e Santa Maria precisam de policiamento em tempo integral. Estamos desprotegido e a merc\u00ea dos bandidos, da viol\u00eancia e do tr\u00e1fico de drogas. Uma moradora morreu\u00a0 por causa das condi\u00e7\u00f5es dessa estrada e por demora no atendimento da equipe de sa\u00fade. Precisamos que o poder p\u00fablico lembre da gente.&#8221; &#8211; <\/em><\/strong>Comentou um dos participantes do movimento que pediu para n\u00e3o ser identificado.<\/p>\n<p><a href=\"http:\/\/www.maisbn.com\/portal\/wp-content\/uploads\/2017\/08\/manifestacaobocadocorrego00004.jpg\"><img loading=\"lazy\" decoding=\"async\" class=\"aligncenter size-full wp-image-15901\" src=\"http:\/\/www.maisbn.com\/portal\/wp-content\/uploads\/2017\/08\/manifestacaobocadocorrego00004.jpg\" alt=\"manifestacaobocadocorrego00004\" width=\"642\" height=\"412\" \/><\/a><\/p>\n<p>Representantes da Veracel foram ao local da manifesta\u00e7\u00e3o conversar com os moradores e prometeram que na pr\u00f3xima segunda-feira (14\/08) a empresa estar\u00e1 enviando m\u00e1quinas para fazer a manuten\u00e7\u00e3o da estrada. O movimento foi encerrado no final da tarde e na pr\u00f3xima semana os manifestantes prometeram interditar o col\u00e9gio, o posto de sa\u00fade e a creche para chamar a aten\u00e7\u00e3o da Prefeitura de Belmonte. <strong><em>&#8220;A Veracel j\u00e1 vai fazer a parte dela. Esperamos que o Prefeito Janival Borges atenda as nossas reivindica\u00e7\u00f5es e resolva os problemas dos moradores de Santa Maria e Boca do C\u00f3rrego.&#8221;<\/em> <\/strong>&#8211; Comentou um dos manifestantes.<\/p>\n","protected":false},"excerpt":{"rendered":"<p>Por volta das 04:00Hrs da manh\u00e3 dessa sexta-feira (11\/08) moradores de Boca do C\u00f3rrego fecharam o local conhecido como Ladeira da \u00c1gua Branca e interromperam o acesso \u00e0 localidade por todo o dia. O objetivo principal da manifesta\u00e7\u00e3o foi reivindicar melhores condi\u00e7\u00f5es de seguran\u00e7a. A popula\u00e7\u00e3o ainda cobrou a reforma de um col\u00e9gio, o patrolamento [&hellip;]<\/p>\n","protected":false},"author":7,"featured_media":15900,"comment_status":"open","ping_status":"open","sticky":false,"template":"","format":"standard","meta":{"footnotes":""},"categories":[45,1],"tags":[108],"class_list":["post-15898","post","type-post","status-publish","format-standard","has-post-thumbnail","hentry","category-cidades","category-noticias","tag-belmonte"],"_links":{"self":[{"href":"https:\/\/www.maisbn.com\/portal\/wp-json\/wp\/v2\/posts\/15898","targetHints":{"allow":["GET"]}}],"collection":[{"href":"https:\/\/www.maisbn.com\/portal\/wp-json\/wp\/v2\/posts"}],"about":[{"href":"https:\/\/www.maisbn.com\/portal\/wp-json\/wp\/v2\/types\/post"}],"author":[{"embeddable":true,"href":"https:\/\/www.maisbn.com\/portal\/wp-json\/wp\/v2\/users\/7"}],"replies":[{"embeddable":true,"href":"https:\/\/www.maisbn.com\/portal\/wp-json\/wp\/v2\/comments?post=15898"}],"version-history":[{"count":1,"href":"https:\/\/www.maisbn.com\/portal\/wp-json\/wp\/v2\/posts\/15898\/revisions"}],"predecessor-version":[{"id":15902,"href":"https:\/\/www.maisbn.com\/portal\/wp-json\/wp\/v2\/posts\/15898\/revisions\/15902"}],"wp:featuredmedia":[{"embeddable":true,"href":"https:\/\/www.maisbn.com\/portal\/wp-json\/wp\/v2\/media\/15900"}],"wp:attachment":[{"href":"https:\/\/www.maisbn.com\/portal\/wp-json\/wp\/v2\/media?parent=15898"}],"wp:term":[{"taxonomy":"category","embeddable":true,"href":"https:\/\/www.maisbn.com\/portal\/wp-json\/wp\/v2\/categories?post=15898"},{"taxonomy":"post_tag","embeddable":true,"href":"https:\/\/www.maisbn.com\/portal\/wp-json\/wp\/v2\/tags?post=15898"}],"curies":[{"name":"wp","href":"https:\/\/api.w.org\/{rel}","templated":true}]}}