{"id":15881,"date":"2017-08-11T01:34:45","date_gmt":"2017-08-11T04:34:45","guid":{"rendered":"http:\/\/www.maisbn.com\/portal\/?p=15881"},"modified":"2017-08-11T01:34:45","modified_gmt":"2017-08-11T04:34:45","slug":"forca-da-mare-causa-estragos-e-compromete-edificacoes-erguidas-na-praia-de-belmonte","status":"publish","type":"post","link":"https:\/\/www.maisbn.com\/portal\/2017\/08\/forca-da-mare-causa-estragos-e-compromete-edificacoes-erguidas-na-praia-de-belmonte\/","title":{"rendered":"For\u00e7a da mar\u00e9 causa estragos e compromete edifica\u00e7\u00f5es erguidas na Praia de Belmonte."},"content":{"rendered":"<p>As \u00e1guas come\u00e7aram a avan\u00e7ar novamente contra a Praia do Mar Moreno e t\u00eam causado preju\u00edzos aos donos de edifica\u00e7\u00f5es erguidas no local. Um internauta registrou em fotos na tarde dessa quinta-feira (10\/08) o avan\u00e7o da mar\u00e9 sobre o litoral belmontense e as imagens d\u00e3o uma dimens\u00e3o da viol\u00eancia das \u00e1guas que j\u00e1 derrubou um poste de energia, comeu uma parte do cal\u00e7amento e jogou \u00e1gua nos canteiros pr\u00f3ximos ao monumento do Guaiamun.<\/p>\n<p><a href=\"http:\/\/www.maisbn.com\/portal\/wp-content\/uploads\/2017\/08\/mosaico_praiamar.jpg\"><img loading=\"lazy\" decoding=\"async\" class=\"aligncenter size-full wp-image-15882\" src=\"http:\/\/www.maisbn.com\/portal\/wp-content\/uploads\/2017\/08\/mosaico_praiamar.jpg\" alt=\"mosaico_praiamar\" width=\"700\" height=\"450\" \/><\/a><\/p>\n<p>O avan\u00e7o e a for\u00e7a das ondas vem preocupando os moradores que residem mais pr\u00f3ximo \u00e0 praia. A Prefeitura de Belmonte tem feito algumas interven\u00e7\u00f5es e vem usando a pr\u00f3pria areia deixada pela mar\u00e9 para servir de conten\u00e7\u00e3o para a for\u00e7a das \u00e1guas, mas os trabalhos realizados n\u00e3o tem surtido efeito.<\/p>\n<p><a href=\"http:\/\/www.maisbn.com\/portal\/wp-content\/uploads\/2017\/08\/avancomar00004.jpg\"><img loading=\"lazy\" decoding=\"async\" class=\"aligncenter size-full wp-image-15884\" src=\"http:\/\/www.maisbn.com\/portal\/wp-content\/uploads\/2017\/08\/avancomar00004.jpg\" alt=\"avancomar00004\" width=\"642\" height=\"412\" \/><\/a><\/p>\n<p>A edifica\u00e7\u00e3o mais atingida pelas \u00e1guas at\u00e9 o momento \u00e9 a Barraca Mar Azul. Nossa equipe foi ao local e notou alguns danos causados \u00e0 estrutura que comprometem a seguran\u00e7a do estabelecimento, j\u00e1 que, as vigas que sustentam a \u00e1rea externa da barraca mostram sinais de comprometimento.<\/p>\n<p><a href=\"http:\/\/www.maisbn.com\/portal\/wp-content\/uploads\/2017\/08\/mosaico_praiamar2.jpg\"><img loading=\"lazy\" decoding=\"async\" class=\"aligncenter size-full wp-image-15883\" src=\"http:\/\/www.maisbn.com\/portal\/wp-content\/uploads\/2017\/08\/mosaico_praiamar2.jpg\" alt=\"mosaico_praiamar2\" width=\"700\" height=\"450\" \/><\/a><\/p>\n<p>Ainda n\u00e3o se sabe ao certo o motivo pelo qual o avan\u00e7o das \u00e1guas vem acontecendo h\u00e1 cada ano com mais frequ\u00eancia e for\u00e7a. Alguns estudos apontam que esse fen\u00f4meno \u00e9 causado pela redu\u00e7\u00e3o da vaz\u00e3o do Rio Jequitinhonha causada pela barragem da Hidrel\u00e9trica de Itapebi. O rio, segundo os estudos, era o principal respons\u00e1vel por depositar sedimentos na orla belmontense e de combater a for\u00e7a das correntes marinhas. Outros estudos apontam o Terminal Mar\u00edtimo da Veracel como respons\u00e1vel pelo avan\u00e7o do mar contra \u00e0 costa belmontense. Algumas pesquisas defendem que a estrutura do citado terminal causou mudan\u00e7as no comportamento das correntes marinhas, causando o recuo das \u00e1guas no local citado e o avan\u00e7o da mar\u00e9 na Praia do Mar Moreno.<\/p>\n<p><a href=\"http:\/\/www.maisbn.com\/portal\/wp-content\/uploads\/2017\/08\/avancomar00002.jpg\"><img loading=\"lazy\" decoding=\"async\" class=\"aligncenter size-full wp-image-15885\" src=\"http:\/\/www.maisbn.com\/portal\/wp-content\/uploads\/2017\/08\/avancomar00002.jpg\" alt=\"avancomar00002\" width=\"642\" height=\"412\" \/><\/a><\/p>\n<p>Enquanto n\u00e3o se acha uma solu\u00e7\u00e3o para a situa\u00e7\u00e3o as mar\u00e9s altas vem se tornando a principal atra\u00e7\u00e3o da orla de Belmonte onde um grande n\u00famero de turistas e moradores tem comparecido para conferir a for\u00e7a e a viol\u00eancia da natureza.<\/p>\n","protected":false},"excerpt":{"rendered":"<p>As \u00e1guas come\u00e7aram a avan\u00e7ar novamente contra a Praia do Mar Moreno e t\u00eam causado preju\u00edzos aos donos de edifica\u00e7\u00f5es erguidas no local. Um internauta registrou em fotos na tarde dessa quinta-feira (10\/08) o avan\u00e7o da mar\u00e9 sobre o litoral belmontense e as imagens d\u00e3o uma dimens\u00e3o da viol\u00eancia das \u00e1guas que j\u00e1 derrubou um [&hellip;]<\/p>\n","protected":false},"author":7,"featured_media":15886,"comment_status":"open","ping_status":"open","sticky":false,"template":"","format":"standard","meta":{"footnotes":""},"categories":[45,1],"tags":[108],"class_list":["post-15881","post","type-post","status-publish","format-standard","has-post-thumbnail","hentry","category-cidades","category-noticias","tag-belmonte"],"_links":{"self":[{"href":"https:\/\/www.maisbn.com\/portal\/wp-json\/wp\/v2\/posts\/15881","targetHints":{"allow":["GET"]}}],"collection":[{"href":"https:\/\/www.maisbn.com\/portal\/wp-json\/wp\/v2\/posts"}],"about":[{"href":"https:\/\/www.maisbn.com\/portal\/wp-json\/wp\/v2\/types\/post"}],"author":[{"embeddable":true,"href":"https:\/\/www.maisbn.com\/portal\/wp-json\/wp\/v2\/users\/7"}],"replies":[{"embeddable":true,"href":"https:\/\/www.maisbn.com\/portal\/wp-json\/wp\/v2\/comments?post=15881"}],"version-history":[{"count":1,"href":"https:\/\/www.maisbn.com\/portal\/wp-json\/wp\/v2\/posts\/15881\/revisions"}],"predecessor-version":[{"id":15887,"href":"https:\/\/www.maisbn.com\/portal\/wp-json\/wp\/v2\/posts\/15881\/revisions\/15887"}],"wp:featuredmedia":[{"embeddable":true,"href":"https:\/\/www.maisbn.com\/portal\/wp-json\/wp\/v2\/media\/15886"}],"wp:attachment":[{"href":"https:\/\/www.maisbn.com\/portal\/wp-json\/wp\/v2\/media?parent=15881"}],"wp:term":[{"taxonomy":"category","embeddable":true,"href":"https:\/\/www.maisbn.com\/portal\/wp-json\/wp\/v2\/categories?post=15881"},{"taxonomy":"post_tag","embeddable":true,"href":"https:\/\/www.maisbn.com\/portal\/wp-json\/wp\/v2\/tags?post=15881"}],"curies":[{"name":"wp","href":"https:\/\/api.w.org\/{rel}","templated":true}]}}