{"id":15871,"date":"2017-08-10T23:34:43","date_gmt":"2017-08-11T02:34:43","guid":{"rendered":"http:\/\/www.maisbn.com\/portal\/?p=15871"},"modified":"2017-08-10T23:34:43","modified_gmt":"2017-08-11T02:34:43","slug":"cerimonia-marca-a-formatura-da-primeira-turma-do-proerd-em-belmonte","status":"publish","type":"post","link":"https:\/\/www.maisbn.com\/portal\/2017\/08\/cerimonia-marca-a-formatura-da-primeira-turma-do-proerd-em-belmonte\/","title":{"rendered":"Cerim\u00f4nia marca a formatura da primeira turma do PROERD em Belmonte."},"content":{"rendered":"<p><a href=\"http:\/\/www.maisbn.com\/portal\/wp-content\/uploads\/2017\/08\/mosaico_proerd2.jpg\"><img loading=\"lazy\" decoding=\"async\" class=\"aligncenter wp-image-15878 \" src=\"http:\/\/www.maisbn.com\/portal\/wp-content\/uploads\/2017\/08\/mosaico_proerd2.jpg\" alt=\"\" width=\"600\" height=\"386\" \/><\/a><\/p>\n<p>Na manh\u00e3 desta quinta-feira (10\/08), o 8\u00b0 Batalh\u00e3o de Pol\u00edcia Militar realizou, em parceria com a Secretaria de Educa\u00e7\u00e3o do munic\u00edpio de Belmonte, a formatura da primeira turma do Programa Educacional \u00a0de Resist\u00eancia \u00e0s Drogas \u00a0(PROERD). O curso teve dura\u00e7\u00e3o de aproximadamente quatro meses, per\u00edodo em que foram ministradas li\u00e7\u00f5es de enfrentamento \u00e0s drogas para 220 alunos das escolas Professor Edgard Santos e Ant\u00f4nio Carlos Magalh\u00e3es, todos do 6\u00b0 ano do ensino fundamental.<\/p>\n<p><a href=\"http:\/\/www.maisbn.com\/portal\/wp-content\/uploads\/2017\/08\/formatura_00031.jpg\"><img loading=\"lazy\" decoding=\"async\" class=\"aligncenter  wp-image-15873\" src=\"http:\/\/www.maisbn.com\/portal\/wp-content\/uploads\/2017\/08\/formatura_00031.jpg\" alt=\"formatura_00031\" width=\"600\" height=\"380\" \/><\/a><\/p>\n<p>O evento ocorreu na Col\u00f4nia de Pescadores Z-21, e contou com a presen\u00e7a do comandante do 8\u00ba BPM, Major Anacleto Fran\u00e7a, do respons\u00e1vel pela 5\u00aa Cia\/Belmonte, capit\u00e3o Uendel Bonfim, do delegado da Pol\u00edcia Civil, Wendel Ferreira, do Prefeito Janival Andrade, do Secret\u00e1rio de Educa\u00e7\u00e3o, Paulo Santos de Carvalho, do Presidente da C\u00e2mara Municipal, Aelson Mattos, do Vice-presidente da C\u00e2mara Municipal Alfredo Abcerb, al\u00e9m dos formandos, seus familiares e professores. A cerim\u00f4nia foi iniciada com os formandos do PROERD entoando o Hino Nacional Brasileiro, momento em que foi registrada uma grande emo\u00e7\u00e3o causada pela vibra\u00e7\u00e3o dos jovens mostrando um grande exemplo de civismo e amor pela p\u00e1tria.<\/p>\n<p><a href=\"http:\/\/www.maisbn.com\/portal\/wp-content\/uploads\/2017\/08\/formatura_00012.jpg\"><img loading=\"lazy\" decoding=\"async\" class=\"aligncenter  wp-image-15874\" src=\"http:\/\/www.maisbn.com\/portal\/wp-content\/uploads\/2017\/08\/formatura_00012.jpg\" alt=\"formatura_00012\" width=\"600\" height=\"380\" \/><\/a><\/p>\n<p>O Sr. Paulo Carvalho, Secret\u00e1rio Municipal de Educa\u00e7\u00e3o, usou da palavra e parabenizou o SD Helano, o SGT Augusto e a Tenente Juliane pelo lindo trabalho realizado com os jovens belmontenses. O secret\u00e1rio ainda anunciou que os resultados foram muito satisfat\u00f3rio e que a Prefeitura de Belmonte j\u00e1 renovou a parceria com a Policia Militar para que o projeto continue acontecendo na cidade e alcan\u00e7ando ainda mais jovens. <strong><em>&#8220;\u00c9 com muito prazer que eu vejo nessa cerim\u00f4nia jovens lideran\u00e7as sendo formadas. Eu pe\u00e7o que voc\u00eas multipliquem esses ensinamentos recebidos e mudem a realidade do meio aonde voc\u00eas vivem. Eu vejo o futuro de uma Belmonte melhor e esse futuro est\u00e1 nas m\u00e3os de jovens como voc\u00eas. Todos est\u00e3o de parab\u00e9ns.&#8221;<\/em> <\/strong>&#8211; Concluiu o Secret\u00e1rio de Educa\u00e7\u00e3o.<\/p>\n<p><a href=\"http:\/\/www.maisbn.com\/portal\/wp-content\/uploads\/2017\/08\/formatura_00017.jpg\"><img loading=\"lazy\" decoding=\"async\" class=\"aligncenter  wp-image-15875\" src=\"http:\/\/www.maisbn.com\/portal\/wp-content\/uploads\/2017\/08\/formatura_00017.jpg\" alt=\"formatura_00017\" width=\"600\" height=\"380\" \/><\/a><\/p>\n<p>O Prefeito Janival Borges tamb\u00e9m usou da palavra e enfatizou os bons resultados obtidos atrav\u00e9s do PROERD. O gestor belmontense, al\u00e9m de comunicar que continua dando apoio ao programa, tamb\u00e9m revelou que pretende incluir nas salas de aulas do munic\u00edpio ensinamentos sobre a Hist\u00f3ria de Belmonte. <strong><em>&#8220;O nosso munic\u00edpio tem uma hist\u00f3ria linda que vem se perdendo com o tempo e precisamos resgatar isso. Precisamos resgatar a identidade e a cultura do nosso povo para despertar a admira\u00e7\u00e3o dos nossos jovens por nossa terra.<\/em><\/strong> &#8211; Comentou o Prefeito.<\/p>\n<p><a href=\"http:\/\/www.maisbn.com\/portal\/wp-content\/uploads\/2017\/08\/formatura_00025.jpg\"><img loading=\"lazy\" decoding=\"async\" class=\"aligncenter  wp-image-15876\" src=\"http:\/\/www.maisbn.com\/portal\/wp-content\/uploads\/2017\/08\/formatura_00025.jpg\" alt=\"formatura_00025\" width=\"600\" height=\"380\" \/><\/a><\/p>\n<p>O Major Anacleto Fran\u00e7a, comandante do 8\u00ba Batalh\u00e3o, tamb\u00e9m usou da palavra e ressaltou a import\u00e2ncia em \u00a0buscar ferramentas que auxiliem na preven\u00e7\u00e3o ao crime, ratificando seu compromisso em estender a efetividade do programa \u00e0s regi\u00f5es mais distantes e pertencentes \u00e0 \u00e1rea de atua\u00e7\u00e3o do 8\u00b0 BPM. Em sua fala aos formandos do PROERD o Major Fran\u00e7a revelou a preocupa\u00e7\u00e3o da Pol\u00edcia Militar com a destrui\u00e7\u00e3o que as drogas e o crime vem causando nas fam\u00edlias e comentou que a institui\u00e7\u00e3o tem investido para alcan\u00e7ar ainda mais jovens e somar ainda mais for\u00e7as para a Corrente do Bem. O mesmo ainda aconselhou que os formandos sempre procurem o bom caminho para as suas vidas e , que s\u00f3 assim, conseguir\u00e3o o sucesso em suas vidas e ser\u00e3o motivo de orgulho para todos. <strong><em>&#8220;A Pol\u00edcia Militar tem sofrido juntamente com as fam\u00edlias destru\u00eddas pelo crime e pela viol\u00eancia. N\u00e3o nos d\u00e1 satisfa\u00e7\u00e3o alguma v\u00ea essa situa\u00e7\u00e3o e o conselho que eu dou para esses jovens \u00e9 que o caminho das grandes conquistas passa pelo respeito a seus pais e a educa\u00e7\u00e3o. Pensem nisso porque quero v\u00ea-los\u00a0 em um futuro grandioso como m\u00e9dicos, professores, policiais ou qualquer carreira profissional que voc\u00eas escolham para seguir na vida.&#8221;<\/em> <\/strong>&#8211; Finalizou o Major Anacleto Fran\u00e7a.<\/p>\n<p><a href=\"http:\/\/www.maisbn.com\/portal\/wp-content\/uploads\/2017\/08\/formatura_00023.jpg\"><img loading=\"lazy\" decoding=\"async\" class=\"aligncenter wp-image-15879 \" src=\"http:\/\/www.maisbn.com\/portal\/wp-content\/uploads\/2017\/08\/formatura_00023.jpg\" alt=\"\" width=\"600\" height=\"380\" \/><\/a><\/p>\n<p>A cerim\u00f4nia ainda contou com a premia\u00e7\u00e3o onde os quatro formandos que mais se destacaram no andamento dos trabalhos do PROERD ganharam uma bicicleta pelo excelente rendimento. O evento foi finalizado com a can\u00e7\u00e3o do PROERD entoada pelos formandos e, logo ap\u00f3s, aconteceu uma apresenta\u00e7\u00e3o do Grupo de Flautas formado por crian\u00e7as atendidas pela Associa\u00e7\u00e3o do Lar da Menina.<\/p>\n<p>&nbsp;<\/p>\n","protected":false},"excerpt":{"rendered":"<p>Na manh\u00e3 desta quinta-feira (10\/08), o 8\u00b0 Batalh\u00e3o de Pol\u00edcia Militar realizou, em parceria com a Secretaria de Educa\u00e7\u00e3o do munic\u00edpio de Belmonte, a formatura da primeira turma do Programa Educacional \u00a0de Resist\u00eancia \u00e0s Drogas \u00a0(PROERD). O curso teve dura\u00e7\u00e3o de aproximadamente quatro meses, per\u00edodo em que foram ministradas li\u00e7\u00f5es de enfrentamento \u00e0s drogas para [&hellip;]<\/p>\n","protected":false},"author":7,"featured_media":15879,"comment_status":"open","ping_status":"open","sticky":false,"template":"","format":"standard","meta":{"footnotes":""},"categories":[8,1],"tags":[108],"class_list":["post-15871","post","type-post","status-publish","format-standard","has-post-thumbnail","hentry","category-educacao","category-noticias","tag-belmonte"],"_links":{"self":[{"href":"https:\/\/www.maisbn.com\/portal\/wp-json\/wp\/v2\/posts\/15871","targetHints":{"allow":["GET"]}}],"collection":[{"href":"https:\/\/www.maisbn.com\/portal\/wp-json\/wp\/v2\/posts"}],"about":[{"href":"https:\/\/www.maisbn.com\/portal\/wp-json\/wp\/v2\/types\/post"}],"author":[{"embeddable":true,"href":"https:\/\/www.maisbn.com\/portal\/wp-json\/wp\/v2\/users\/7"}],"replies":[{"embeddable":true,"href":"https:\/\/www.maisbn.com\/portal\/wp-json\/wp\/v2\/comments?post=15871"}],"version-history":[{"count":1,"href":"https:\/\/www.maisbn.com\/portal\/wp-json\/wp\/v2\/posts\/15871\/revisions"}],"predecessor-version":[{"id":15880,"href":"https:\/\/www.maisbn.com\/portal\/wp-json\/wp\/v2\/posts\/15871\/revisions\/15880"}],"wp:featuredmedia":[{"embeddable":true,"href":"https:\/\/www.maisbn.com\/portal\/wp-json\/wp\/v2\/media\/15879"}],"wp:attachment":[{"href":"https:\/\/www.maisbn.com\/portal\/wp-json\/wp\/v2\/media?parent=15871"}],"wp:term":[{"taxonomy":"category","embeddable":true,"href":"https:\/\/www.maisbn.com\/portal\/wp-json\/wp\/v2\/categories?post=15871"},{"taxonomy":"post_tag","embeddable":true,"href":"https:\/\/www.maisbn.com\/portal\/wp-json\/wp\/v2\/tags?post=15871"}],"curies":[{"name":"wp","href":"https:\/\/api.w.org\/{rel}","templated":true}]}}