{"id":15832,"date":"2017-08-08T16:14:08","date_gmt":"2017-08-08T19:14:08","guid":{"rendered":"http:\/\/www.maisbn.com\/portal\/?p=15832"},"modified":"2017-08-08T16:14:08","modified_gmt":"2017-08-08T19:14:08","slug":"vereadores-voltam-do-recesso-e-cobram-solucao-para-seguranca-publica-em-belmonte","status":"publish","type":"post","link":"https:\/\/www.maisbn.com\/portal\/2017\/08\/vereadores-voltam-do-recesso-e-cobram-solucao-para-seguranca-publica-em-belmonte\/","title":{"rendered":"Vereadores voltam do recesso e cobram solu\u00e7\u00e3o para seguran\u00e7a p\u00fablica em Belmonte."},"content":{"rendered":"<p>O Poder Legislativo de Belmonte teve sua primeira sess\u00e3o p\u00f3s-recesso na noite dessa segunda-feira (07\/08) onde o Presidente e o Vice-presidente da casa, os Srs. Aelson Matos (Calango) e Alfredo Aberceb, respectivamente, receberam os vereadores para o rein\u00edcio das atividades.<\/p>\n<div id=\"attachment_14199\" style=\"width: 610px\" class=\"wp-caption aligncenter\"><a href=\"http:\/\/www.maisbn.com\/portal\/wp-content\/uploads\/2017\/03\/sessao_camara002.jpg\"><img loading=\"lazy\" decoding=\"async\" aria-describedby=\"caption-attachment-14199\" class=\"wp-image-14199 \" src=\"http:\/\/www.maisbn.com\/portal\/wp-content\/uploads\/2017\/03\/sessao_camara002.jpg\" alt=\"sessao_camara002\" width=\"600\" height=\"380\" \/><\/a><p id=\"caption-attachment-14199\" class=\"wp-caption-text\">Arquivo +BN<\/p><\/div>\n<p>O assunto mais debatido entre os vereadores nesse in\u00edcio de trabalhos foi a seguran\u00e7a p\u00fablica do munic\u00edpio. Os edis belmontenses durante a sess\u00e3o usaram firmemente a tribuna da casa para expor o problema e pedir ao Prefeito Janival Borges que fa\u00e7a uma interven\u00e7\u00e3o imediata no intuito de trazer tranquilidade para a comunidade que est\u00e1 amedrontada em meio \u00e0 crescente viol\u00eancia e ao avan\u00e7o do tr\u00e1fico de drogas em todo o munic\u00edpio.<\/p>\n<div id=\"attachment_13890\" style=\"width: 610px\" class=\"wp-caption aligncenter\"><a href=\"http:\/\/www.maisbn.com\/portal\/wp-content\/uploads\/2017\/02\/vereador_alfredo001.jpg\"><img loading=\"lazy\" decoding=\"async\" aria-describedby=\"caption-attachment-13890\" class=\" wp-image-13890\" src=\"http:\/\/www.maisbn.com\/portal\/wp-content\/uploads\/2017\/02\/vereador_alfredo001.jpg\" alt=\"Vereador Alfredo Aberceb.\" width=\"600\" height=\"380\" \/><\/a><p id=\"caption-attachment-13890\" class=\"wp-caption-text\">Arquivo +BN<\/p><\/div>\n<p>O Vice-presidente Alfredo Aberceb comentou com todos a sua preocupa\u00e7\u00e3o com a seguran\u00e7a de Belmonte e abordou o caso de Santa Maria Eterna onde s\u00f3 existe policiamento nos finais de semana. O vereador ainda abordou a situa\u00e7\u00e3o do pouco efetivo, onde chamou de her\u00f3is os policiais que atuam na cidade e se desdobram para atender a crescente demanda.<strong><em>&#8220;N\u00e3o \u00e9 normal uma situa\u00e7\u00e3o em que 03 bandidos com armas em punho saqueiam uma localidade e colocam uma popula\u00e7\u00e3o inteira em p\u00e2nico. Eles fizeram isso porque sabem que a impunidade impera em Santa Maria e Boca do C\u00f3rrego. Eles fizeram isso porque falta apoio, falta estrutura e falta efetivo para as nossas policias. O que est\u00e3o esperando para se tomar uma provid\u00eancia?<\/em><\/strong> -Finalizou Alfredo.<\/p>\n<p><a href=\"http:\/\/www.maisbn.com\/portal\/wp-content\/uploads\/2017\/04\/foto_presidentecamara.jpg\"><img loading=\"lazy\" decoding=\"async\" class=\"aligncenter wp-image-14523\" src=\"http:\/\/www.maisbn.com\/portal\/wp-content\/uploads\/2017\/04\/foto_presidentecamara.jpg\" alt=\"foto_presidentecamara\" width=\"600\" height=\"380\" \/><\/a><\/p>\n<p>O Presidente e Vereador Aelson Matos tamb\u00e9m fez uso da tribuna e comentou que a seguran\u00e7a p\u00fablica \u00e9 um dever do estado e n\u00e3o do munic\u00edpio, mas que, o prefeito tem que intervir firmemente para ajudar a resolver a situa\u00e7\u00e3o. Ele ainda revelou que Belmonte precisa urgentemente criar a Guarda Municipal para que ela sirva de apoio \u00e0s for\u00e7as policiais. <em><strong>&#8220;N\u00f3s precisamos que o munic\u00edpio crie e d\u00ea estrutura \u00e0 Guarda Municipal para que esses profissionais auxiliem na prote\u00e7\u00e3o das pessoas de bem de Belmonte. A nossa cidade est\u00e1 em uma viol\u00eancia crescente e n\u00e3o podemos ficar esperando a boa vontade do Governo do Estado. Temos que criar as nossas solu\u00e7\u00f5es porque somos n\u00f3s e nossas fam\u00edlias que moramos aqui e estamos a merc\u00ea dessa viol\u00eancia toda.&#8221;\u00a0<\/strong> <\/em>&#8211; Finalizou o Presidente do Legislativo de Belmonte.<\/p>\n","protected":false},"excerpt":{"rendered":"<p>O Poder Legislativo de Belmonte teve sua primeira sess\u00e3o p\u00f3s-recesso na noite dessa segunda-feira (07\/08) onde o Presidente e o Vice-presidente da casa, os Srs. Aelson Matos (Calango) e Alfredo Aberceb, respectivamente, receberam os vereadores para o rein\u00edcio das atividades. O assunto mais debatido entre os vereadores nesse in\u00edcio de trabalhos foi a seguran\u00e7a p\u00fablica [&hellip;]<\/p>\n","protected":false},"author":7,"featured_media":13808,"comment_status":"open","ping_status":"open","sticky":false,"template":"","format":"standard","meta":{"footnotes":""},"categories":[1,7],"tags":[108],"class_list":["post-15832","post","type-post","status-publish","format-standard","has-post-thumbnail","hentry","category-noticias","category-politica","tag-belmonte"],"_links":{"self":[{"href":"https:\/\/www.maisbn.com\/portal\/wp-json\/wp\/v2\/posts\/15832","targetHints":{"allow":["GET"]}}],"collection":[{"href":"https:\/\/www.maisbn.com\/portal\/wp-json\/wp\/v2\/posts"}],"about":[{"href":"https:\/\/www.maisbn.com\/portal\/wp-json\/wp\/v2\/types\/post"}],"author":[{"embeddable":true,"href":"https:\/\/www.maisbn.com\/portal\/wp-json\/wp\/v2\/users\/7"}],"replies":[{"embeddable":true,"href":"https:\/\/www.maisbn.com\/portal\/wp-json\/wp\/v2\/comments?post=15832"}],"version-history":[{"count":3,"href":"https:\/\/www.maisbn.com\/portal\/wp-json\/wp\/v2\/posts\/15832\/revisions"}],"predecessor-version":[{"id":15835,"href":"https:\/\/www.maisbn.com\/portal\/wp-json\/wp\/v2\/posts\/15832\/revisions\/15835"}],"wp:featuredmedia":[{"embeddable":true,"href":"https:\/\/www.maisbn.com\/portal\/wp-json\/wp\/v2\/media\/13808"}],"wp:attachment":[{"href":"https:\/\/www.maisbn.com\/portal\/wp-json\/wp\/v2\/media?parent=15832"}],"wp:term":[{"taxonomy":"category","embeddable":true,"href":"https:\/\/www.maisbn.com\/portal\/wp-json\/wp\/v2\/categories?post=15832"},{"taxonomy":"post_tag","embeddable":true,"href":"https:\/\/www.maisbn.com\/portal\/wp-json\/wp\/v2\/tags?post=15832"}],"curies":[{"name":"wp","href":"https:\/\/api.w.org\/{rel}","templated":true}]}}