{"id":15812,"date":"2017-08-05T14:41:19","date_gmt":"2017-08-05T17:41:19","guid":{"rendered":"http:\/\/www.maisbn.com\/portal\/?p=15812"},"modified":"2017-08-05T14:41:19","modified_gmt":"2017-08-05T17:41:19","slug":"04-bandidos-armados-promovem-arrastao-no-povoado-de-santa-maria-eterna","status":"publish","type":"post","link":"https:\/\/www.maisbn.com\/portal\/2017\/08\/04-bandidos-armados-promovem-arrastao-no-povoado-de-santa-maria-eterna\/","title":{"rendered":"04 Bandidos armados promovem arrast\u00e3o no Povoado de Santa Maria Eterna."},"content":{"rendered":"<p>Na noite da \u00faltima quinta-feira (03\/08) a popula\u00e7\u00e3o de Santa Maria Eterna viveu verdadeiros momentos de terror causados por 04 bandidos armados que atacaram os moradores. A a\u00e7\u00e3o dos 04 meliantes iniciou-se na pra\u00e7a do povoado onde 03 pessoas foram assaltadas e tiveram que entregar os seus pertences sob amea\u00e7a de armas. Em seguida os bandidos seguiram pelas ruas da cidade abordando diversas pessoas e com\u00e9rcios abertos que encontravam pela frente.<\/p>\n<p><a href=\"http:\/\/www.maisbn.com\/portal\/wp-content\/uploads\/2017\/08\/cats.jpg\"><img loading=\"lazy\" decoding=\"async\" class=\"aligncenter  wp-image-15813\" src=\"http:\/\/www.maisbn.com\/portal\/wp-content\/uploads\/2017\/08\/cats.jpg\" alt=\"cats\" width=\"601\" height=\"339\" \/><\/a><\/p>\n<p>A popula\u00e7\u00e3o do povoado permanece assustada com a situa\u00e7\u00e3o e algumas pessoas, segundo informa\u00e7\u00f5es, j\u00e1 est\u00e3o se organizando para realizar manifesta\u00e7\u00f5es no intuito de conseguir policiamento para o local. Hoje Santa Maria Eterna s\u00f3 tem policiamento nos finais de semana.<\/p>\n<div id=\"attachment_15814\" style=\"width: 512px\" class=\"wp-caption aligncenter\"><a href=\"http:\/\/www.maisbn.com\/portal\/wp-content\/uploads\/2017\/08\/post_alfredo.jpg\"><img loading=\"lazy\" decoding=\"async\" aria-describedby=\"caption-attachment-15814\" class=\"wp-image-15814 size-full\" src=\"http:\/\/www.maisbn.com\/portal\/wp-content\/uploads\/2017\/08\/post_alfredo.jpg\" alt=\"post_alfredo\" width=\"502\" height=\"312\" \/><\/a><p id=\"caption-attachment-15814\" class=\"wp-caption-text\">Vereador Alfredo Aberceb posta nas redes sociais a sua preocupa\u00e7\u00e3o quanto ao efetivo policial em Belmonte.<\/p><\/div>\n<p>O vereador e Vice-presidente da C\u00e2mara, Alfredo Aberceb, se manifestou nas redes sociais onde comentou em um post que est\u00e1 h\u00e1 08 meses cobrando a falta de policiamento em todo o munic\u00edpio. Alfredo ainda revelou que questionou diversas vezes a falta de policiais nos povoados de Santa Maria Eterna e Boca do C\u00f3rrego e que tem trabalhado em a\u00e7\u00f5es com o objetivo de melhorar a seguran\u00e7a do povo belmontense. <em>&#8220;Eu tenho cobrado incessantemente seguran\u00e7a para o nosso munic\u00edpio. Como vereador, j\u00e1 aprovei no plen\u00e1rio da C\u00e2mara um projeto de lei para a instala\u00e7\u00e3o de C\u00e2meras de Vigil\u00e2ncia nas ruas da cidade, tenho lutado para que a Prefeitura crie a guarda municipal, entre outras diversas a\u00e7\u00f5es. Tamb\u00e9m tenho pedido ao Prefeito Janival Borges e ao Deputado Estadual J\u00e2nio Natal para que eles cobrem do Governador do Estado o aumento do efetivo das policias militar e civil, bem como, condi\u00e7\u00f5es dignas para que os nossos policiais realizem o seu trabalho com excel\u00eancia.&#8221; &#8211; <\/em>Finalizou Alfredo.<\/p>\n<p>As for\u00e7as policiais investigam o caso, mas, at\u00e9 o momento n\u00e3o se tem not\u00edcias e nem as identifica\u00e7\u00f5es dos 04 homens que fizeram o ataque.<\/p>\n<p>&nbsp;<\/p>\n<p>&nbsp;<\/p>\n<p>&nbsp;<\/p>\n<p>&nbsp;<\/p>\n","protected":false},"excerpt":{"rendered":"<p>Na noite da \u00faltima quinta-feira (03\/08) a popula\u00e7\u00e3o de Santa Maria Eterna viveu verdadeiros momentos de terror causados por 04 bandidos armados que atacaram os moradores. A a\u00e7\u00e3o dos 04 meliantes iniciou-se na pra\u00e7a do povoado onde 03 pessoas foram assaltadas e tiveram que entregar os seus pertences sob amea\u00e7a de armas. Em seguida os [&hellip;]<\/p>\n","protected":false},"author":7,"featured_media":15813,"comment_status":"open","ping_status":"open","sticky":false,"template":"","format":"standard","meta":{"footnotes":""},"categories":[1,16],"tags":[108],"class_list":["post-15812","post","type-post","status-publish","format-standard","has-post-thumbnail","hentry","category-noticias","category-policial","tag-belmonte"],"_links":{"self":[{"href":"https:\/\/www.maisbn.com\/portal\/wp-json\/wp\/v2\/posts\/15812","targetHints":{"allow":["GET"]}}],"collection":[{"href":"https:\/\/www.maisbn.com\/portal\/wp-json\/wp\/v2\/posts"}],"about":[{"href":"https:\/\/www.maisbn.com\/portal\/wp-json\/wp\/v2\/types\/post"}],"author":[{"embeddable":true,"href":"https:\/\/www.maisbn.com\/portal\/wp-json\/wp\/v2\/users\/7"}],"replies":[{"embeddable":true,"href":"https:\/\/www.maisbn.com\/portal\/wp-json\/wp\/v2\/comments?post=15812"}],"version-history":[{"count":1,"href":"https:\/\/www.maisbn.com\/portal\/wp-json\/wp\/v2\/posts\/15812\/revisions"}],"predecessor-version":[{"id":15815,"href":"https:\/\/www.maisbn.com\/portal\/wp-json\/wp\/v2\/posts\/15812\/revisions\/15815"}],"wp:featuredmedia":[{"embeddable":true,"href":"https:\/\/www.maisbn.com\/portal\/wp-json\/wp\/v2\/media\/15813"}],"wp:attachment":[{"href":"https:\/\/www.maisbn.com\/portal\/wp-json\/wp\/v2\/media?parent=15812"}],"wp:term":[{"taxonomy":"category","embeddable":true,"href":"https:\/\/www.maisbn.com\/portal\/wp-json\/wp\/v2\/categories?post=15812"},{"taxonomy":"post_tag","embeddable":true,"href":"https:\/\/www.maisbn.com\/portal\/wp-json\/wp\/v2\/tags?post=15812"}],"curies":[{"name":"wp","href":"https:\/\/api.w.org\/{rel}","templated":true}]}}