{"id":15806,"date":"2017-08-04T14:24:47","date_gmt":"2017-08-04T17:24:47","guid":{"rendered":"http:\/\/www.maisbn.com\/portal\/?p=15806"},"modified":"2017-08-04T14:24:47","modified_gmt":"2017-08-04T17:24:47","slug":"veracel-celulose-divulga-edital-para-contratacao-de-assistente-administrativo","status":"publish","type":"post","link":"https:\/\/www.maisbn.com\/portal\/2017\/08\/veracel-celulose-divulga-edital-para-contratacao-de-assistente-administrativo\/","title":{"rendered":"Veracel Celulose divulga edital para contrata\u00e7\u00e3o de assistente administrativo."},"content":{"rendered":"<p class=\"m_5591569063543641326m_-6161664018652534899Default\"><a href=\"http:\/\/www.maisbn.com\/portal\/wp-content\/uploads\/2015\/05\/emprego-ilustra.jpg\"><img loading=\"lazy\" decoding=\"async\" class=\"aligncenter size-full wp-image-7685\" src=\"http:\/\/www.maisbn.com\/portal\/wp-content\/uploads\/2015\/05\/emprego-ilustra.jpg\" alt=\"emprego-ilustra\" width=\"600\" height=\"400\" \/><\/a><\/p>\n<p class=\"m_5591569063543641326m_-6161664018652534899Default\">Para se candidatar, \u00e9 necess\u00e1rio possuir \u00a0ensino m\u00e9dio completo ou cursando n\u00edvel superior; ter viv\u00eancia em rotinas administrativas; s\u00f3lidos conhecimentos do pacote office; e \u00e9 desej\u00e1vel ter conhecimento no SAP &#8211; M\u00f3dulo MM (pedidos e requisi\u00e7\u00f5es de compra).<u><\/u><u><\/u><\/p>\n<p class=\"m_5591569063543641326m_-6161664018652534899Default\">Os interessados nas vagas divulgadas devem cadastrar curr\u00edculo at\u00e9 o dia <b>13\/08\/2017<\/b>, acessando o site <a href=\"http:\/\/www.veracel.com.br\" target=\"_blank\" data-saferedirecturl=\"https:\/\/www.google.com\/url?hl=pt-BR&amp;q=http:\/\/www.veracel.com.br&amp;source=gmail&amp;ust=1501953720161000&amp;usg=AFQjCNFx-k7sOSLYvhs4ETLdESrW1L8_6w\">www.veracel.com.br<\/a>. Localize a op\u00e7\u00e3o Trabalhe Conosco \u2013&gt; Clique em Conhe\u00e7a as nossas vagas \u2013 Clique no t\u00edtulo da vaga para ter acesso \u00e0s informa\u00e7\u00f5es detalhadas e como candidatar-se \u2013 Depois, clique em Candidatura. A candidatura \u00e0 vaga s\u00f3 \u00e9 poss\u00edvel ap\u00f3s o cadastro das informa\u00e7\u00f5es no site. <u><\/u><u><\/u><\/p>\n<p class=\"m_5591569063543641326m_-6161664018652534899Default\">Toda a comunica\u00e7\u00e3o com os candidatos ser\u00e1 realizada por meio do endere\u00e7o eletr\u00f4nico utilizado para cadastro do curr\u00edculo no site da Veracel. <u><\/u><u><\/u><\/p>\n<p class=\"m_5591569063543641326m_-6161664018652534899Default\">Lembramos que a Veracel \u00e9 uma empresa que se preocupa com a inclus\u00e3o. Todas as vagas tamb\u00e9m s\u00e3o destinadas a candidatos com defici\u00eancias.<\/p>\n","protected":false},"excerpt":{"rendered":"<p>Para se candidatar, \u00e9 necess\u00e1rio possuir \u00a0ensino m\u00e9dio completo ou cursando n\u00edvel superior; ter viv\u00eancia em rotinas administrativas; s\u00f3lidos conhecimentos do pacote office; e \u00e9 desej\u00e1vel ter conhecimento no SAP &#8211; M\u00f3dulo MM (pedidos e requisi\u00e7\u00f5es de compra). Os interessados nas vagas divulgadas devem cadastrar curr\u00edculo at\u00e9 o dia 13\/08\/2017, acessando o site www.veracel.com.br. Localize [&hellip;]<\/p>\n","protected":false},"author":7,"featured_media":7685,"comment_status":"open","ping_status":"open","sticky":false,"template":"","format":"standard","meta":{"footnotes":""},"categories":[9,1],"tags":[108],"class_list":["post-15806","post","type-post","status-publish","format-standard","has-post-thumbnail","hentry","category-concursos-oportunidades","category-noticias","tag-belmonte"],"_links":{"self":[{"href":"https:\/\/www.maisbn.com\/portal\/wp-json\/wp\/v2\/posts\/15806","targetHints":{"allow":["GET"]}}],"collection":[{"href":"https:\/\/www.maisbn.com\/portal\/wp-json\/wp\/v2\/posts"}],"about":[{"href":"https:\/\/www.maisbn.com\/portal\/wp-json\/wp\/v2\/types\/post"}],"author":[{"embeddable":true,"href":"https:\/\/www.maisbn.com\/portal\/wp-json\/wp\/v2\/users\/7"}],"replies":[{"embeddable":true,"href":"https:\/\/www.maisbn.com\/portal\/wp-json\/wp\/v2\/comments?post=15806"}],"version-history":[{"count":1,"href":"https:\/\/www.maisbn.com\/portal\/wp-json\/wp\/v2\/posts\/15806\/revisions"}],"predecessor-version":[{"id":15807,"href":"https:\/\/www.maisbn.com\/portal\/wp-json\/wp\/v2\/posts\/15806\/revisions\/15807"}],"wp:featuredmedia":[{"embeddable":true,"href":"https:\/\/www.maisbn.com\/portal\/wp-json\/wp\/v2\/media\/7685"}],"wp:attachment":[{"href":"https:\/\/www.maisbn.com\/portal\/wp-json\/wp\/v2\/media?parent=15806"}],"wp:term":[{"taxonomy":"category","embeddable":true,"href":"https:\/\/www.maisbn.com\/portal\/wp-json\/wp\/v2\/categories?post=15806"},{"taxonomy":"post_tag","embeddable":true,"href":"https:\/\/www.maisbn.com\/portal\/wp-json\/wp\/v2\/tags?post=15806"}],"curies":[{"name":"wp","href":"https:\/\/api.w.org\/{rel}","templated":true}]}}