{"id":15791,"date":"2017-08-04T13:24:27","date_gmt":"2017-08-04T16:24:27","guid":{"rendered":"http:\/\/www.maisbn.com\/portal\/?p=15791"},"modified":"2017-08-04T13:26:16","modified_gmt":"2017-08-04T16:26:16","slug":"liderancas-belmontenses-participam-de-evento-e-conversam-com-o-governador-rui-costa","status":"publish","type":"post","link":"https:\/\/www.maisbn.com\/portal\/2017\/08\/liderancas-belmontenses-participam-de-evento-e-conversam-com-o-governador-rui-costa\/","title":{"rendered":"Lideran\u00e7as belmontenses participam de evento e conversam com o Governador Rui Costa."},"content":{"rendered":"<p><a href=\"http:\/\/www.maisbn.com\/portal\/wp-content\/uploads\/2017\/08\/Image000021.jpg\"><img loading=\"lazy\" decoding=\"async\" class=\"aligncenter  wp-image-15795\" src=\"http:\/\/www.maisbn.com\/portal\/wp-content\/uploads\/2017\/08\/Image000021.jpg\" alt=\"Image00002\" width=\"600\" height=\"380\" \/><\/a><\/p>\n<p>Foi lan\u00e7ado no dia 27\/07 em Itabuna o Projeto das Escolas Culturais onde, a convite do Deputado Federal Davidson Magalh\u00e3es, estiveram presentes o Presidente do Pc do do B Belmonte e Atual Secret\u00e1rio Municipal do Interior, o Sr. Rodrigo Martins; o Vereador eleito pelo partido, o Sr Rog\u00e9rio Bahia, e o Presidente da C\u00e2mara de Vereadores de Belmonte, o Sr. Aelson Matos (Calango), tamb\u00e9m se fez presente no evento o Governador Rui Costa e todo o seu secretariado.<\/p>\n<p><a href=\"http:\/\/www.maisbn.com\/portal\/wp-content\/uploads\/2017\/08\/Image00012.jpg\"><img loading=\"lazy\" decoding=\"async\" class=\"aligncenter wp-image-15797 \" src=\"http:\/\/www.maisbn.com\/portal\/wp-content\/uploads\/2017\/08\/Image00012.jpg\" alt=\"\" width=\"600\" height=\"380\" \/><\/a><\/p>\n<p>Ap\u00f3s a cerim\u00f4nia p\u00fablica de lan\u00e7amento do projeto, houve um evento especial restrito aos convidados onde o Vereador Rog\u00e9rio Bahia, O presidente Aelson Matos e o Sr. Rodrigo Martins conversaram com o Governador e perguntaram como estava o projeto da estrada que liga Belmonte \u00e0 cidade de Canavieiras, al\u00e9m de outras demandas de necessidades do munic\u00edpio. O Governador se mostrou muito educado e receptivo e respondeu que a citada estrada estava em seus planos, que ele sabia da import\u00e2ncia dessa liga\u00e7\u00e3o para o extremo sul baiano e que estava analisando com carinho a quest\u00e3o.<\/p>\n<p><a href=\"http:\/\/www.maisbn.com\/portal\/wp-content\/uploads\/2017\/08\/Image00004.jpg\"><img loading=\"lazy\" decoding=\"async\" class=\"aligncenter  wp-image-15798\" src=\"http:\/\/www.maisbn.com\/portal\/wp-content\/uploads\/2017\/08\/Image00004.jpg\" alt=\"Image00004\" width=\"600\" height=\"380\" \/><\/a><\/p>\n<p>Os representantes belmontenses ainda conversaram com a Sr\u00aa Olyvia Santos, Secret\u00e1ria Estadual do Trabalho, Emprego, Renda e Esporte (SETRE) onde a mesma, com carisma e aten\u00e7\u00e3o, se colocou \u00e0 disposi\u00e7\u00e3o para ajudar o munic\u00edpio de Belmonte em suas demandas. A comitiva belmontense ainda parabenizou pessoalmente o Secret\u00e1rio Estadual de Cultura, o Sr. Jorge Portugal, pela iniciativa de trazer cultura e arte para dentro das escolas p\u00fablicas.<\/p>\n<p><a href=\"http:\/\/www.maisbn.com\/portal\/wp-content\/uploads\/2017\/08\/Image00013.jpg\"><img loading=\"lazy\" decoding=\"async\" class=\"aligncenter wp-image-15801 \" src=\"http:\/\/www.maisbn.com\/portal\/wp-content\/uploads\/2017\/08\/Image00013.jpg\" alt=\"\" width=\"600\" height=\"380\" \/><\/a><\/p>\n<p>O Sr. Rodrigo Martins conversou com nossa equipe sobre a import\u00e2ncia das escolas p\u00fablicas, da forma\u00e7\u00e3o cidad\u00e3 que a mesma pode oferecer e que a iniciativa representava um avan\u00e7o para o ensino estadual. <strong><em>&#8220;Eu sou oriundo da escola p\u00fablica e acredito na educa\u00e7\u00e3o p\u00fablica de qualidade. Por isso apoio o Projeto das Escolas Culturais e achei muito interessante a proposta que o mesmo tr\u00e1s para os alunos da rede estadual.&#8221;<\/em><\/strong> &#8211; Finalizou o Secret\u00e1rio e Presidente do diret\u00f3rio do PC do B em Belmonte.<\/p>\n<p><a href=\"http:\/\/www.maisbn.com\/portal\/wp-content\/uploads\/2017\/08\/mosaico_liderancas_belmontenses.jpg\"><img loading=\"lazy\" decoding=\"async\" class=\"aligncenter  wp-image-15802\" src=\"http:\/\/www.maisbn.com\/portal\/wp-content\/uploads\/2017\/08\/mosaico_liderancas_belmontenses.jpg\" alt=\"mosaico_liderancas_belmontenses\" width=\"601\" height=\"176\" \/><\/a><\/p>\n<p>O Vereador Rog\u00e9rio Bahia tamb\u00e9m nos deu o seu relato e se mostrou muito feliz e entusiasmado com a proposta do Projeto das Escolas Culturais<em>.<strong>&#8221; N\u00e3o existe crescimento de um pais, estado ou cidade sem investimento, tanto financeiro, como pedag\u00f3gico em educa\u00e7\u00e3o.&#8221;<\/strong><\/em> &#8211; Comentou o Vereador belmontense. Nossa equipe tamb\u00e9m conversou com o Presidente da C\u00e2mara, Aelson Matos (Calango) e o mesmo comentou sobre a import\u00e2ncia da educa\u00e7\u00e3o para a sociedade e que o Brasil precisa de exemplos das lideran\u00e7as dispostas a promover as mudan\u00e7as necess\u00e1rias para o ensino p\u00fablico. <strong><em>&#8220;A educa\u00e7\u00e3o \u00e9 o pilar principal de uma sociedade e sem ela n\u00e3o conseguiremos construir um futuro melhor para o nosso Brasil. A nossa educa\u00e7\u00e3o p\u00fablica precisa de mudan\u00e7as e o nosso pa\u00eds precisa de lideran\u00e7as fortes, convictas e determinadas a fazer essas mudan\u00e7as.&#8221;<\/em> <\/strong>&#8211; Finalizou Aelson Matos.<\/p>\n","protected":false},"excerpt":{"rendered":"<p>Foi lan\u00e7ado no dia 27\/07 em Itabuna o Projeto das Escolas Culturais onde, a convite do Deputado Federal Davidson Magalh\u00e3es, estiveram presentes o Presidente do Pc do do B Belmonte e Atual Secret\u00e1rio Municipal do Interior, o Sr. Rodrigo Martins; o Vereador eleito pelo partido, o Sr Rog\u00e9rio Bahia, e o Presidente da C\u00e2mara de [&hellip;]<\/p>\n","protected":false},"author":7,"featured_media":15797,"comment_status":"open","ping_status":"open","sticky":false,"template":"","format":"standard","meta":{"footnotes":""},"categories":[1,7],"tags":[108],"class_list":["post-15791","post","type-post","status-publish","format-standard","has-post-thumbnail","hentry","category-noticias","category-politica","tag-belmonte"],"_links":{"self":[{"href":"https:\/\/www.maisbn.com\/portal\/wp-json\/wp\/v2\/posts\/15791","targetHints":{"allow":["GET"]}}],"collection":[{"href":"https:\/\/www.maisbn.com\/portal\/wp-json\/wp\/v2\/posts"}],"about":[{"href":"https:\/\/www.maisbn.com\/portal\/wp-json\/wp\/v2\/types\/post"}],"author":[{"embeddable":true,"href":"https:\/\/www.maisbn.com\/portal\/wp-json\/wp\/v2\/users\/7"}],"replies":[{"embeddable":true,"href":"https:\/\/www.maisbn.com\/portal\/wp-json\/wp\/v2\/comments?post=15791"}],"version-history":[{"count":4,"href":"https:\/\/www.maisbn.com\/portal\/wp-json\/wp\/v2\/posts\/15791\/revisions"}],"predecessor-version":[{"id":15805,"href":"https:\/\/www.maisbn.com\/portal\/wp-json\/wp\/v2\/posts\/15791\/revisions\/15805"}],"wp:featuredmedia":[{"embeddable":true,"href":"https:\/\/www.maisbn.com\/portal\/wp-json\/wp\/v2\/media\/15797"}],"wp:attachment":[{"href":"https:\/\/www.maisbn.com\/portal\/wp-json\/wp\/v2\/media?parent=15791"}],"wp:term":[{"taxonomy":"category","embeddable":true,"href":"https:\/\/www.maisbn.com\/portal\/wp-json\/wp\/v2\/categories?post=15791"},{"taxonomy":"post_tag","embeddable":true,"href":"https:\/\/www.maisbn.com\/portal\/wp-json\/wp\/v2\/tags?post=15791"}],"curies":[{"name":"wp","href":"https:\/\/api.w.org\/{rel}","templated":true}]}}