{"id":15761,"date":"2017-08-01T21:03:02","date_gmt":"2017-08-02T00:03:02","guid":{"rendered":"http:\/\/www.maisbn.com\/portal\/?p=15761"},"modified":"2017-08-01T21:03:02","modified_gmt":"2017-08-02T00:03:02","slug":"bomba-lancada-por-vandalos-danifica-telhado-da-fundacao-educacional-pedro-calmon","status":"publish","type":"post","link":"https:\/\/www.maisbn.com\/portal\/2017\/08\/bomba-lancada-por-vandalos-danifica-telhado-da-fundacao-educacional-pedro-calmon\/","title":{"rendered":"Bomba lan\u00e7ada por v\u00e2ndalos danifica telhado da Funda\u00e7\u00e3o Educacional Pedro Calmon."},"content":{"rendered":"<p><a href=\"http:\/\/www.maisbn.com\/portal\/wp-content\/uploads\/2017\/08\/fundacao_pedro_calmon2.jpg\"><img loading=\"lazy\" decoding=\"async\" class=\"aligncenter size-full wp-image-15763\" src=\"http:\/\/www.maisbn.com\/portal\/wp-content\/uploads\/2017\/08\/fundacao_pedro_calmon2.jpg\" alt=\"fundacao_pedro_calmon2\" width=\"700\" height=\"304\" \/><\/a><\/p>\n<p>Na manh\u00e3 dessa ter\u00e7a-feira (01\/08) o pr\u00e9dio da Funda\u00e7\u00e3o Educacional Pedro Calmon foi alvo de um ato de vandalismo que preocupou os funcion\u00e1rios e alunos que estudam na unidade. Estamos falando de uma bomba arremessada no telhado do col\u00e9gio que assustou a todos. A explos\u00e3o do artefato foi t\u00e3o forte que quebrou v\u00e1rias telhas e assustou os professores que estavam nas salas de aula.<\/p>\n<p>A Pol\u00edcia Militar foi ao local e realizou rondas na tentativa de encontrar os respons\u00e1veis pelo vandalismo. Informa\u00e7\u00f5es conseguidas por nossa reportagem constam que o artefato foi arremessado por um pequeno grupo de jovens que estavam na lateral do col\u00e9gio. Segundo testemunhas os mesmos fugiram depois de cometer o delito.<\/p>\n<p>As for\u00e7as policiais agora buscam imagens de c\u00e2meras de vigil\u00e2ncia das resid\u00eancias localizadas ao redor do col\u00e9gio na tentativa de identificar e punir os respons\u00e1veis pelo ato de vandalismo.<\/p>\n","protected":false},"excerpt":{"rendered":"<p>Na manh\u00e3 dessa ter\u00e7a-feira (01\/08) o pr\u00e9dio da Funda\u00e7\u00e3o Educacional Pedro Calmon foi alvo de um ato de vandalismo que preocupou os funcion\u00e1rios e alunos que estudam na unidade. Estamos falando de uma bomba arremessada no telhado do col\u00e9gio que assustou a todos. A explos\u00e3o do artefato foi t\u00e3o forte que quebrou v\u00e1rias telhas e [&hellip;]<\/p>\n","protected":false},"author":7,"featured_media":15763,"comment_status":"open","ping_status":"open","sticky":false,"template":"","format":"standard","meta":{"footnotes":""},"categories":[1,16],"tags":[108],"class_list":["post-15761","post","type-post","status-publish","format-standard","has-post-thumbnail","hentry","category-noticias","category-policial","tag-belmonte"],"_links":{"self":[{"href":"https:\/\/www.maisbn.com\/portal\/wp-json\/wp\/v2\/posts\/15761","targetHints":{"allow":["GET"]}}],"collection":[{"href":"https:\/\/www.maisbn.com\/portal\/wp-json\/wp\/v2\/posts"}],"about":[{"href":"https:\/\/www.maisbn.com\/portal\/wp-json\/wp\/v2\/types\/post"}],"author":[{"embeddable":true,"href":"https:\/\/www.maisbn.com\/portal\/wp-json\/wp\/v2\/users\/7"}],"replies":[{"embeddable":true,"href":"https:\/\/www.maisbn.com\/portal\/wp-json\/wp\/v2\/comments?post=15761"}],"version-history":[{"count":1,"href":"https:\/\/www.maisbn.com\/portal\/wp-json\/wp\/v2\/posts\/15761\/revisions"}],"predecessor-version":[{"id":15764,"href":"https:\/\/www.maisbn.com\/portal\/wp-json\/wp\/v2\/posts\/15761\/revisions\/15764"}],"wp:featuredmedia":[{"embeddable":true,"href":"https:\/\/www.maisbn.com\/portal\/wp-json\/wp\/v2\/media\/15763"}],"wp:attachment":[{"href":"https:\/\/www.maisbn.com\/portal\/wp-json\/wp\/v2\/media?parent=15761"}],"wp:term":[{"taxonomy":"category","embeddable":true,"href":"https:\/\/www.maisbn.com\/portal\/wp-json\/wp\/v2\/categories?post=15761"},{"taxonomy":"post_tag","embeddable":true,"href":"https:\/\/www.maisbn.com\/portal\/wp-json\/wp\/v2\/tags?post=15761"}],"curies":[{"name":"wp","href":"https:\/\/api.w.org\/{rel}","templated":true}]}}