{"id":15752,"date":"2017-07-31T19:02:58","date_gmt":"2017-07-31T22:02:58","guid":{"rendered":"http:\/\/www.maisbn.com\/portal\/?p=15752"},"modified":"2017-07-31T19:04:05","modified_gmt":"2017-07-31T22:04:05","slug":"grupo-brasileiro-realiza-solenidade-para-apresentar-os-50-onibus-da-nova-frota","status":"publish","type":"post","link":"https:\/\/www.maisbn.com\/portal\/2017\/07\/grupo-brasileiro-realiza-solenidade-para-apresentar-os-50-onibus-da-nova-frota\/","title":{"rendered":"Grupo Brasileiro realiza solenidade para apresentar os 50 \u00f4nibus da nova frota."},"content":{"rendered":"<p>Durante solenidade que contou com as presen\u00e7as do governador da Bahia, Rui Costa, e do vice-governador Jo\u00e3o Le\u00e3o, o Grupo Brasileiro apresentou 50 \u00f4nibus zero quil\u00f4metro para a renova\u00e7\u00e3o da frota e a sua nova identidade visual. O evento foi realizado no Terceira Via Hall, nessa quinta-feira, 27 de julho, em Itabuna, e prestigiado por diversas autoridades, empres\u00e1rios, colaboradores e parceiros do Grupo Brasileiro.<\/p>\n<p><a href=\"http:\/\/www.maisbn.com\/portal\/wp-content\/uploads\/2017\/07\/7-Foto-Taironny-Maia_zz9a194ab921.jpg\"><img loading=\"lazy\" decoding=\"async\" class=\"aligncenter wp-image-15753\" src=\"http:\/\/www.maisbn.com\/portal\/wp-content\/uploads\/2017\/07\/7-Foto-Taironny-Maia_zz9a194ab921.jpg\" alt=\"7---Foto-Taironny-Maia_zz9a194ab921\" width=\"600\" height=\"374\" \/><\/a><\/p>\n<p>A solenidade contou com a participa\u00e7\u00e3o dos des. federais Ronaldo Carletto, Paulo Magalh\u00e3es, Davidson Magalh\u00e3es e Josias Gomes, atual secret\u00e1rio de Rela\u00e7\u00f5es Institucionais do governo baiano, e dos deados estaduais Eduardo Sales, Carlos Robson e Luiz Augusto, o secret\u00e1rio de Infraestrutura, Marcus Cavalcante, e o diretor executivo da Agerba, Eduardo Pessoa. Vinte prefeitos tamb\u00e9m prestigiaram o evento, entre eles, os de Itabuna e Ilh\u00e9us, Fernando Gomes e M\u00e1rio Alexandre, de Porto Seguro e de Eun\u00e1polis, Cl\u00e1udia Oliveira e Rob\u00e9rio Oliveira; os de Teixeira de Freitas e de Alcoba\u00e7a, Tim\u00f3teo Brito e L\u00e9o Brito; de Gandu e de Itacar\u00e9, Leonardo Barbosa e Ant\u00f4nio M\u00e1rio Damasceno.<\/p>\n<p><a href=\"http:\/\/www.maisbn.com\/portal\/wp-content\/uploads\/2017\/07\/5-A72Q9823.jpg\"><img loading=\"lazy\" decoding=\"async\" class=\"aligncenter wp-image-15754\" src=\"http:\/\/www.maisbn.com\/portal\/wp-content\/uploads\/2017\/07\/5-A72Q9823.jpg\" alt=\"5 - A72Q9823\" width=\"600\" height=\"419\" \/><\/a><\/p>\n<p>Na oportunidade, o diretor executivo do Grupo Brasileiro, Paulo Carletto, destacou o esfor\u00e7o das empresas Rota Transportes, Expresso Brasileiro e Cidade Sol, pelo investimento feito na atividade principal do Grupo, o transporte rodovi\u00e1rio de passageiros, com a aquisi\u00e7\u00e3o de 50 novos \u00f4nibus para renova\u00e7\u00e3o da frota. Tamb\u00e9m integram o Grupo, as empresas Viametro Transportes Urbanos, que atua em Ilh\u00e9us, e Cidade Real, que opera na cidade de Petr\u00f3polis, no Rio de Janeiro. <em>\u201cE por que o fazemos em momento t\u00e3o dif\u00edcil, quando existe uma avassaladora perda de passageiros, uma constante luta contra o transporte clandestino, o aumento dos insumos e tantos outros obst\u00e1culos? O fazemos, acima de tudo, pelo compromisso que assumimos com os \u00f3rg\u00e3os governamentais e com a sociedade\u201d<\/em>, afirmou Paulo Carletto.<\/p>\n<p><a href=\"http:\/\/www.maisbn.com\/portal\/wp-content\/uploads\/2017\/07\/12-Paulo-Carletto-diretor-executivo-do-Grupo-Brasileiro.jpg\"><img loading=\"lazy\" decoding=\"async\" class=\"aligncenter size-full wp-image-15755\" src=\"http:\/\/www.maisbn.com\/portal\/wp-content\/uploads\/2017\/07\/12-Paulo-Carletto-diretor-executivo-do-Grupo-Brasileiro.jpg\" alt=\"12 - Paulo Carletto, diretor executivo do Grupo Brasileiro\" width=\"356\" height=\"500\" \/><\/a><\/p>\n<p>Todas as empresas do Grupo Brasileiro, no segmento de transportes de passageiros, possuem certifica\u00e7\u00e3o ISO 9001, servem \u00e0 popula\u00e7\u00e3o de quase todas as regi\u00f5es da Bahia e tamb\u00e9m nos estados do Rio de Janeiro, Sergipe, Alagoas, Para\u00edba e norte de Minas Gerais, com servi\u00e7os de qualidade, conforto e seguran\u00e7a.\u00a0 \u201c<em>Estamos entregando agora 50 novos ve\u00edculos \u00e0 popula\u00e7\u00e3o e, ainda nesse ano, entregaremos mais 40 ve\u00edculos, perfazendo um total de 90 ve\u00edculos novos em 2017 e cumprindo um compromisso com as autoridades gestoras\u201d<\/em>, enfatizou Paulo Carletto. Na \u00e1rea de seguran\u00e7a, o grupo instalou o Centro de Controle Operacional por telemetria, que monitora em tempo real todos os ve\u00edculos que estejam a servi\u00e7o das empresas Rota Transportes, Cidade Sol e Expresso Brasileiro.<\/p>\n<p><a href=\"http:\/\/www.maisbn.com\/portal\/wp-content\/uploads\/2017\/07\/1-Solenidade-de-lancamento-da-nova-frota-do-Grupo-Brasileiro-Foto-Taironny.jpg\"><img loading=\"lazy\" decoding=\"async\" class=\"aligncenter wp-image-15756\" src=\"http:\/\/www.maisbn.com\/portal\/wp-content\/uploads\/2017\/07\/1-Solenidade-de-lancamento-da-nova-frota-do-Grupo-Brasileiro-Foto-Taironny.jpg\" alt=\"1 - Solenidade de lancamento da nova frota do Grupo Brasileiro ( Foto Taironny)\" width=\"600\" height=\"389\" \/><\/a><\/p>\n<p><strong>Gera\u00e7\u00e3o de Empregos<\/strong>\u2013 O governador Rui Costa enalteceu a iniciativa do Grupo Brasileiro pela maturidade adquirida como concession\u00e1ria de servi\u00e7o p\u00fablico e ressaltou o lan\u00e7amento de renova\u00e7\u00e3o da frota como um compromisso que precisa ser observado por outras empresas do setor. Por sua vez, o vice-governador Jo\u00e3o Le\u00e3o enfatizou o compromisso da fam\u00edlia Carletto com a Bahia e o desempenho empresarial que gera mais de quatro mil postos de trabalho no Estado.<\/p>\n<p><a href=\"http:\/\/www.maisbn.com\/portal\/wp-content\/uploads\/2017\/07\/9-O-Governador-Rui-Costa-Leleu-Carletto-Paulo-e-Elaine-Carletto.jpg\"><img loading=\"lazy\" decoding=\"async\" class=\"aligncenter wp-image-15758\" src=\"http:\/\/www.maisbn.com\/portal\/wp-content\/uploads\/2017\/07\/9-O-Governador-Rui-Costa-Leleu-Carletto-Paulo-e-Elaine-Carletto.jpg\" alt=\"9 - O Governador Rui Costa, Leleu Carletto, Paulo e Elaine Carletto\" width=\"600\" height=\"428\" \/><\/a><\/p>\n<p>O ato de renova\u00e7\u00e3o da frota contou com a participa\u00e7\u00e3o dos s\u00f3cios do Grupo Brasileiro representados por dona Marizete Carletto e os filhos Lel\u00e9u, Mariza e M\u00e1rcia, e os netos Carol, Tassizo, Marcony e Neto Carletto. Tamb\u00e9m estavam l\u00e1 os prefeitos de Mascote, Arnaldo Lopes, de Caravelas, Silvio Ramalho, de Itap\u00e9, Naeliton Rosa, de Arataca, Katiana Pinto, de Potiragu\u00e1, Jorge Porto, de Mara\u00fa, Maria das Gra\u00e7as, de Canavieiras, Almeida, de Ibicara\u00ed, Lula Brand\u00e3o, de Buerarema, Vinicius de Orlando, de Una, Tiago Birschnner, e de Ibicu\u00ed, Marcos Galv\u00e3o.<\/p>\n<p><span style=\"color: #ff0000;\"><em>Informa\u00e7\u00f5es: ASCOM\/ Grupo Brasileiro<\/em><\/span><\/p>\n<p>&nbsp;<\/p>\n<div><\/div>\n","protected":false},"excerpt":{"rendered":"<p>Durante solenidade que contou com as presen\u00e7as do governador da Bahia, Rui Costa, e do vice-governador Jo\u00e3o Le\u00e3o, o Grupo Brasileiro apresentou 50 \u00f4nibus zero quil\u00f4metro para a renova\u00e7\u00e3o da frota e a sua nova identidade visual. O evento foi realizado no Terceira Via Hall, nessa quinta-feira, 27 de julho, em Itabuna, e prestigiado por [&hellip;]<\/p>\n","protected":false},"author":7,"featured_media":15753,"comment_status":"open","ping_status":"open","sticky":false,"template":"","format":"standard","meta":{"footnotes":""},"categories":[45,1],"tags":[108],"class_list":["post-15752","post","type-post","status-publish","format-standard","has-post-thumbnail","hentry","category-cidades","category-noticias","tag-belmonte"],"_links":{"self":[{"href":"https:\/\/www.maisbn.com\/portal\/wp-json\/wp\/v2\/posts\/15752","targetHints":{"allow":["GET"]}}],"collection":[{"href":"https:\/\/www.maisbn.com\/portal\/wp-json\/wp\/v2\/posts"}],"about":[{"href":"https:\/\/www.maisbn.com\/portal\/wp-json\/wp\/v2\/types\/post"}],"author":[{"embeddable":true,"href":"https:\/\/www.maisbn.com\/portal\/wp-json\/wp\/v2\/users\/7"}],"replies":[{"embeddable":true,"href":"https:\/\/www.maisbn.com\/portal\/wp-json\/wp\/v2\/comments?post=15752"}],"version-history":[{"count":2,"href":"https:\/\/www.maisbn.com\/portal\/wp-json\/wp\/v2\/posts\/15752\/revisions"}],"predecessor-version":[{"id":15760,"href":"https:\/\/www.maisbn.com\/portal\/wp-json\/wp\/v2\/posts\/15752\/revisions\/15760"}],"wp:featuredmedia":[{"embeddable":true,"href":"https:\/\/www.maisbn.com\/portal\/wp-json\/wp\/v2\/media\/15753"}],"wp:attachment":[{"href":"https:\/\/www.maisbn.com\/portal\/wp-json\/wp\/v2\/media?parent=15752"}],"wp:term":[{"taxonomy":"category","embeddable":true,"href":"https:\/\/www.maisbn.com\/portal\/wp-json\/wp\/v2\/categories?post=15752"},{"taxonomy":"post_tag","embeddable":true,"href":"https:\/\/www.maisbn.com\/portal\/wp-json\/wp\/v2\/tags?post=15752"}],"curies":[{"name":"wp","href":"https:\/\/api.w.org\/{rel}","templated":true}]}}