{"id":1575,"date":"2012-10-26T12:35:59","date_gmt":"2012-10-26T14:35:59","guid":{"rendered":"http:\/\/www.maisbn.com\/portal\/?p=1575"},"modified":"2012-10-26T12:47:01","modified_gmt":"2012-10-26T14:47:01","slug":"hidreletrica-de-itapebi-teve-papel-importante-no-apagao-da-regiao-nordeste-diz-coelba","status":"publish","type":"post","link":"https:\/\/www.maisbn.com\/portal\/2012\/10\/hidreletrica-de-itapebi-teve-papel-importante-no-apagao-da-regiao-nordeste-diz-coelba\/","title":{"rendered":"Hidrel\u00e9trica de Itapebi teve papel importante no apag\u00e3o da regi\u00e3o nordeste."},"content":{"rendered":"<p><a href=\"http:\/\/www.maisbn.com\/portal\/wp-content\/uploads\/2012\/10\/Apag_o.jpg\"><img loading=\"lazy\" decoding=\"async\" class=\"alignleft size-full wp-image-1576\" title=\"Apag_o\" src=\"http:\/\/www.maisbn.com\/portal\/wp-content\/uploads\/2012\/10\/Apag_o.jpg\" alt=\"\" width=\"320\" height=\"240\" \/><\/a>O apag\u00e3o que afetou os 417 munic\u00edpios da Bahia, todos os estados do Nordeste, parte do Par\u00e1, Tocantins e o Distrito Federal no final da noite de quinta (25) e madrugada desta sexta (26), pode ter sido causado por um inc\u00eandio em um equipamento entre duas subesta\u00e7\u00e3oes de energia. A informa\u00e7\u00e3o foi divulgada pelo Operador Nacional do Sistema (ONS), respons\u00e1vel por administrar o Sistema Interligado Nacional.<\/p>\n<p>&#8220;Houve um inc\u00eandio na chave de um equipamento, que \u00e9 um capacitor-s\u00e9rie do circuito 2 da linha de transmiss\u00e3o entre as subesta\u00e7\u00f5es de Colinas e Imperatriz, na interliga\u00e7\u00e3o que liga os sistemas Norte\/Nordeste ao sistema Sul\/Sudeste&#8221;, disse o diretor-geral do ONS, Hermes Chipp, em entrevista nesta sexta (26) ao &#8220;Bom Dia Brasil&#8221;. Segundo o \u00f3rg\u00e3o, a falta de energia na regi\u00e3o teve in\u00edcio \u00e0 0h14.<\/p>\n<p>Este \u00e9 o segundo apag\u00e3o nos \u00faltimos 35 dias na Regi\u00e3o Nordeste. Em 22 de setembro, segundo o ONS, um problema nas interliga\u00e7\u00f5es Sudeste\/Norte e Sudeste\/Nordeste, atingiu o fornecimento de energia el\u00e9trica em parte da regi\u00e3o Nordeste do pa\u00eds.<\/p>\n<p><strong>&#8216;As hidrel\u00e9tricas de Itapebi e Funil tiveram papel importante no apag\u00e3o que aconteceu no nordeste.<br \/>\n<\/strong><\/p>\n<p>Por volta das 23h30, a informa\u00e7\u00e3o da Companhia foi de que &#8220;todas as cargas da Coelba, de todos os consumidores na Bahia est\u00e3o desligadas. A Bahia inteira est\u00e1 sem luz&#8221;. J\u00e1 por volta da 1h30 da sexta-feira (26), a Coelba informou que parte do sul da Bahia j\u00e1 teve a energia restabelecida. Os munic\u00edpios (nomes e quantidade n\u00e3o foram divulgados) est\u00e3o recebendo fornecimento de luz de duas usinas &#8211; Itapebi e Funil. No municipio de Porto Seguro a energia foi restabelecida por volta das 00:00 horas e n\u00e3o houve ocorr\u00eancias graves durante o per\u00edodo. Em Belmonte n\u00e3o faltou energia, apenas breves interrup\u00e7\u00f5es na madrugada.<\/p>\n<p>\u00c0s 2h30, a concession\u00e1ria informou que a energia come\u00e7ou a ser religada em Salvador e Regi\u00e3o Metropolitana &#8211; a maior parte da capital j\u00e1 tinha energia \u00e0s 4h30. A Coelba informou que ainda aguarda o Operador Nacional do Sistema (ONS) autorizar o fornecimento para os demais munic\u00edpios.<\/p>\n<p>O ONS confirmou que houve um problema no sistema \u00e0s 00h14, no hor\u00e1rio de Bras\u00edlia, mas informou que a energia estava sendo religada gradativamente. Na Bahia, a falta de energia come\u00e7ou por volta das 23h18, hor\u00e1rio local, e s\u00f3 foi plenamente restabelecida por volta das 4h30. O ONS confirmou que o blecaute atingiu todos os estados do Nordeste e parte de Tocantins e Par\u00e1.<\/p>\n<p>&#8220;As informa\u00e7\u00f5es preliminares que temos indicam que \u00e9 grande a extens\u00e3o do apag\u00e3o, mas n\u00e3o temos como precisar neste momento quantos estados foram atingidos. Sabemos que o problema atinge pelo menos o Norte e o Nordeste&#8221;, declarou ao Uol Jo\u00e3o Bosco de Almeida, presidente da Companhia Hidroel\u00e9trica do S\u00e3o Francisco (Chesf). Ele disse que equipes j\u00e1 est\u00e1 trabalhando para normalizar a situa\u00e7\u00e3o e que ainda n\u00e3o se sabe o que causou o apag\u00e3o.<\/p>\n<p><strong>Redes Sociais<\/strong><\/p>\n<p>Pela internet, moradores de outros estados tamb\u00e9m reclamam do apag\u00e3o &#8211; al\u00e9m dos j\u00e1 citados, h\u00e1 queixas de Amazonas, Amap\u00e1, Minas Gerais, Mato Grosso, Mato Grosso do Sul e parte do Distrito Federal. Segundo o ONS, a luz voltou ao normal e Tocantins e no Par\u00e1 por volta das 1h30 (hor\u00e1rio de Bras\u00edlia). A energia come\u00e7\u00e7ou a voltar ao Maranh\u00e3o e \u00e0 Regi\u00e3o Metropolitana de Recife (PE) por volta das 2h de sexta.<\/p>\n","protected":false},"excerpt":{"rendered":"<p>O apag\u00e3o que afetou os 417 munic\u00edpios da Bahia, todos os estados do Nordeste, parte do Par\u00e1, Tocantins e o Distrito Federal no final da noite de quinta (25) e madrugada desta sexta (26), pode ter sido causado por um inc\u00eandio em um equipamento entre duas subesta\u00e7\u00e3oes de energia. A informa\u00e7\u00e3o foi divulgada pelo Operador [&hellip;]<\/p>\n","protected":false},"author":7,"featured_media":0,"comment_status":"closed","ping_status":"open","sticky":false,"template":"","format":"standard","meta":{"footnotes":""},"categories":[45,1],"tags":[250,249,251,252],"class_list":["post-1575","post","type-post","status-publish","format-standard","hentry","category-cidades","category-noticias","tag-apagao","tag-apagao-no-nordeste","tag-energia","tag-falta-de-luz"],"_links":{"self":[{"href":"https:\/\/www.maisbn.com\/portal\/wp-json\/wp\/v2\/posts\/1575","targetHints":{"allow":["GET"]}}],"collection":[{"href":"https:\/\/www.maisbn.com\/portal\/wp-json\/wp\/v2\/posts"}],"about":[{"href":"https:\/\/www.maisbn.com\/portal\/wp-json\/wp\/v2\/types\/post"}],"author":[{"embeddable":true,"href":"https:\/\/www.maisbn.com\/portal\/wp-json\/wp\/v2\/users\/7"}],"replies":[{"embeddable":true,"href":"https:\/\/www.maisbn.com\/portal\/wp-json\/wp\/v2\/comments?post=1575"}],"version-history":[{"count":0,"href":"https:\/\/www.maisbn.com\/portal\/wp-json\/wp\/v2\/posts\/1575\/revisions"}],"wp:attachment":[{"href":"https:\/\/www.maisbn.com\/portal\/wp-json\/wp\/v2\/media?parent=1575"}],"wp:term":[{"taxonomy":"category","embeddable":true,"href":"https:\/\/www.maisbn.com\/portal\/wp-json\/wp\/v2\/categories?post=1575"},{"taxonomy":"post_tag","embeddable":true,"href":"https:\/\/www.maisbn.com\/portal\/wp-json\/wp\/v2\/tags?post=1575"}],"curies":[{"name":"wp","href":"https:\/\/api.w.org\/{rel}","templated":true}]}}