{"id":15749,"date":"2017-07-31T18:31:51","date_gmt":"2017-07-31T21:31:51","guid":{"rendered":"http:\/\/www.maisbn.com\/portal\/?p=15749"},"modified":"2017-07-31T18:31:51","modified_gmt":"2017-07-31T21:31:51","slug":"ambiente-politico-e-economico-instavel-dificulta-atuacao-de-prefeitos-diz-presidente-da-upb","status":"publish","type":"post","link":"https:\/\/www.maisbn.com\/portal\/2017\/07\/ambiente-politico-e-economico-instavel-dificulta-atuacao-de-prefeitos-diz-presidente-da-upb\/","title":{"rendered":"Ambiente pol\u00edtico e econ\u00f4mico inst\u00e1vel dificulta atua\u00e7\u00e3o de prefeitos, diz presidente da UPB."},"content":{"rendered":"<p><a href=\"http:\/\/www.maisbn.com\/portal\/wp-content\/uploads\/2017\/07\/eudes_presidente_UPB.jpg\"><img loading=\"lazy\" decoding=\"async\" class=\"aligncenter size-full wp-image-15750\" src=\"http:\/\/www.maisbn.com\/portal\/wp-content\/uploads\/2017\/07\/eudes_presidente_UPB.jpg\" alt=\"eudes_presidente_UPB\" width=\"640\" height=\"427\" \/><\/a><\/p>\n<p><em>\u201cEst\u00e1 dif\u00edcil at\u00e9 sonhar. E o que dir\u00e1 governar os nossos munic\u00edpios com tranquilidade. \u00c9 um momento de crise pol\u00edtica, econ\u00f4mica e que a sociedade brasileira est\u00e1 desacreditada. Um momento muito ruim para n\u00f3s, prefeitos, e n\u00e3o podemos esconder a nossa insatisfa\u00e7\u00e3o. \u00c9 dif\u00edcil governar sem saber se vamos acordar amanh\u00e3 com o mesmo presidente da rep\u00fablica, se a nossa arrecada\u00e7\u00e3o vai cair corretamente, se o nosso Fundo de Participa\u00e7\u00e3o dos Munic\u00edpios (FPM) vai diminuir ou se a repatria\u00e7\u00e3o vai entrar\u201d.<\/em> Foi fazendo um panorama do desafio atual de gerir munic\u00edpios, que o presidente da Uni\u00e3o dos Munic\u00edpios da Bahia (UPB) e prefeito de Bom Jesus da Lapa, Eures Ribeiro, construiu seu discurso durante o 4\u00ba Congresso Pernambucano de Munic\u00edpios.<\/p>\n<p>O congresso, que acontece at\u00e9 quinta-feira, 27 de julho, no Centro de Conven\u00e7\u00f5es, em Olinda, \u00e9 realizado pela Associa\u00e7\u00e3o Municipalista de Pernambuco (Amupe), com o tema \u201cA Cidade que precisamos\u201d. A programa\u00e7\u00e3o envolve diversas atividades, presen\u00e7a de autoridades em temas especializados e pain\u00e9is com assuntos e experi\u00eancias pertinentes aos atuais desafios e demandas dos munic\u00edpios brasileiros. Eures Ribeiro foi o \u00fanico presidente de associa\u00e7\u00e3o que discursou e, assim, representou todas as institui\u00e7\u00f5es de estados do Nordeste.<\/p>\n<p>Estiveram presentes na abertura do congresso o Ministro das Cidades, Bruno Araujo, o governador de Pernambuco, Paulo C\u00e2mara, o deputado federal Jo\u00e3o Campos, o presidente da Amupe e prefeito de Afogados da Ingazeira, Jos\u00e9 Patriota, representantes de outras associa\u00e7\u00f5es estaduais do Nordeste, do Conselho de Arquitetura e Urbanismo de Pernambuco (CAU), da Confedera\u00e7\u00e3o Nacional de Munic\u00edpios (CNM), al\u00e9m de deputados estaduais e outros federais. Eures est\u00e1 acompanhado da equipe t\u00e9cnica da Uni\u00e3o dos Munic\u00edpios da Bahia. Este ano, em paralelo ao congresso, a Amupe em conjunto com o CAU est\u00e1 realizando o F\u00f3rum Mais Cidades Sustent\u00e1veis.<\/p>\n<p>&nbsp;<\/p>\n","protected":false},"excerpt":{"rendered":"<p>\u201cEst\u00e1 dif\u00edcil at\u00e9 sonhar. E o que dir\u00e1 governar os nossos munic\u00edpios com tranquilidade. \u00c9 um momento de crise pol\u00edtica, econ\u00f4mica e que a sociedade brasileira est\u00e1 desacreditada. Um momento muito ruim para n\u00f3s, prefeitos, e n\u00e3o podemos esconder a nossa insatisfa\u00e7\u00e3o. \u00c9 dif\u00edcil governar sem saber se vamos acordar amanh\u00e3 com o mesmo presidente [&hellip;]<\/p>\n","protected":false},"author":7,"featured_media":15750,"comment_status":"open","ping_status":"open","sticky":false,"template":"","format":"standard","meta":{"footnotes":""},"categories":[45,1],"tags":[108],"class_list":["post-15749","post","type-post","status-publish","format-standard","has-post-thumbnail","hentry","category-cidades","category-noticias","tag-belmonte"],"_links":{"self":[{"href":"https:\/\/www.maisbn.com\/portal\/wp-json\/wp\/v2\/posts\/15749","targetHints":{"allow":["GET"]}}],"collection":[{"href":"https:\/\/www.maisbn.com\/portal\/wp-json\/wp\/v2\/posts"}],"about":[{"href":"https:\/\/www.maisbn.com\/portal\/wp-json\/wp\/v2\/types\/post"}],"author":[{"embeddable":true,"href":"https:\/\/www.maisbn.com\/portal\/wp-json\/wp\/v2\/users\/7"}],"replies":[{"embeddable":true,"href":"https:\/\/www.maisbn.com\/portal\/wp-json\/wp\/v2\/comments?post=15749"}],"version-history":[{"count":1,"href":"https:\/\/www.maisbn.com\/portal\/wp-json\/wp\/v2\/posts\/15749\/revisions"}],"predecessor-version":[{"id":15751,"href":"https:\/\/www.maisbn.com\/portal\/wp-json\/wp\/v2\/posts\/15749\/revisions\/15751"}],"wp:featuredmedia":[{"embeddable":true,"href":"https:\/\/www.maisbn.com\/portal\/wp-json\/wp\/v2\/media\/15750"}],"wp:attachment":[{"href":"https:\/\/www.maisbn.com\/portal\/wp-json\/wp\/v2\/media?parent=15749"}],"wp:term":[{"taxonomy":"category","embeddable":true,"href":"https:\/\/www.maisbn.com\/portal\/wp-json\/wp\/v2\/categories?post=15749"},{"taxonomy":"post_tag","embeddable":true,"href":"https:\/\/www.maisbn.com\/portal\/wp-json\/wp\/v2\/tags?post=15749"}],"curies":[{"name":"wp","href":"https:\/\/api.w.org\/{rel}","templated":true}]}}