{"id":15728,"date":"2017-07-27T20:20:44","date_gmt":"2017-07-27T23:20:44","guid":{"rendered":"http:\/\/www.maisbn.com\/portal\/?p=15728"},"modified":"2017-07-27T20:20:44","modified_gmt":"2017-07-27T23:20:44","slug":"aplb-e-prefeitura-de-belmonte-discutirao-pagamento-de-retroativos-dos-professores-na-proxima-semana","status":"publish","type":"post","link":"https:\/\/www.maisbn.com\/portal\/2017\/07\/aplb-e-prefeitura-de-belmonte-discutirao-pagamento-de-retroativos-dos-professores-na-proxima-semana\/","title":{"rendered":"APLB e Prefeitura de Belmonte discutir\u00e3o pagamento de retroativos dos professores na pr\u00f3xima semana."},"content":{"rendered":"<p><a href=\"http:\/\/www.maisbn.com\/portal\/wp-content\/uploads\/2017\/07\/aplb_sindicatonegociacao00001.jpg\"><img loading=\"lazy\" decoding=\"async\" class=\"aligncenter size-full wp-image-15729\" src=\"http:\/\/www.maisbn.com\/portal\/wp-content\/uploads\/2017\/07\/aplb_sindicatonegociacao00001.jpg\" alt=\"aplb_sindicatonegociacao00001\" width=\"642\" height=\"412\" \/><\/a><\/p>\n<p>Mais de 6.000 alunos atendidos pela rede municipal de ensino belmontense voltaram \u00e0s aulas na \u00faltima segunda-feira (24\/07), mas a APLB-Sindicato, entidade que representa os professores, e a Prefeitura Municipal de Belmonte ainda n\u00e3o chegaram a um consenso no caso dos pagamentos retroativos ao m\u00eas de janeiro desse ano devidos \u00e0 categoria. Uma reuni\u00e3o para tratar do assunto tinha sido marcada para essa quarta-feira (26\/07), mas n\u00e3o aconteceu porque o Prefeito Janival Borges avisou que tinha uma viagem urgente para Salvador. A reuni\u00e3o foi ent\u00e3o remarcada para a pr\u00f3xima ter\u00e7a-feira (01\/08) onde o gestor entregar\u00e1 a proposta de pagamento que dever\u00e1 ser avaliada pelos professores.<\/p>\n<div id=\"attachment_15337\" style=\"width: 652px\" class=\"wp-caption aligncenter\"><a href=\"http:\/\/www.maisbn.com\/portal\/wp-content\/uploads\/2017\/06\/assembleia_professores00001.jpg\"><img loading=\"lazy\" decoding=\"async\" aria-describedby=\"caption-attachment-15337\" class=\"size-full wp-image-15337\" src=\"http:\/\/www.maisbn.com\/portal\/wp-content\/uploads\/2017\/06\/assembleia_professores00001.jpg\" alt=\"Coodernador da APLB acredita que o problema ser\u00e1 resolvido na pr\u00f3xima semana.\" width=\"642\" height=\"412\" \/><\/a><p id=\"caption-attachment-15337\" class=\"wp-caption-text\">Coodernador da APLB acredita que o problema ser\u00e1 resolvido na pr\u00f3xima semana.<\/p><\/div>\n<p>Conversamos no final da tarde dessa quinta-feira (27\/07) com o Sr. Igor Suzart, coordenador do n\u00facleo da APLB em Belmonte. O mesmo revelou \u00e0 nossa equipe que n\u00e3o est\u00e3o havendo sobressaltos nas negocia\u00e7\u00f5es e que os canais de comunica\u00e7\u00e3o entre o Prefeito Janival Borges e os representantes dos professores tem funcionado bem. O coordenador ainda colocou que t\u00eam existido muitas especula\u00e7\u00f5es sobre o caso e que, por enquanto, a possibilidade de greve est\u00e1 descartada. &#8220;A gest\u00e3o municipal tem apresentado sinais de que est\u00e1 disposta a solucionar o problema e, por enquanto, n\u00e3o temos motivos para uma decis\u00e3o t\u00e3o dr\u00e1stica. O que muitas pessoas n\u00e3o entendem \u00e9 que o instrumento da greve s\u00f3 \u00e9 usado em \u00faltimo caso quando n\u00e3o se tem mais alternativas por causa dos problemas que s\u00e3o causados. N\u00e3o temos espa\u00e7o para especula\u00e7\u00f5es. O nosso objetivo \u00e9 apenas negociar e garantir os direitos da categoria que est\u00e3o previstos em lei.&#8221; &#8211; Finalizou o coordenador.<\/p>\n<p>&nbsp;<\/p>\n","protected":false},"excerpt":{"rendered":"<p>Mais de 6.000 alunos atendidos pela rede municipal de ensino belmontense voltaram \u00e0s aulas na \u00faltima segunda-feira (24\/07), mas a APLB-Sindicato, entidade que representa os professores, e a Prefeitura Municipal de Belmonte ainda n\u00e3o chegaram a um consenso no caso dos pagamentos retroativos ao m\u00eas de janeiro desse ano devidos \u00e0 categoria. Uma reuni\u00e3o para [&hellip;]<\/p>\n","protected":false},"author":7,"featured_media":15729,"comment_status":"open","ping_status":"open","sticky":false,"template":"","format":"standard","meta":{"footnotes":""},"categories":[8,1],"tags":[108],"class_list":["post-15728","post","type-post","status-publish","format-standard","has-post-thumbnail","hentry","category-educacao","category-noticias","tag-belmonte"],"_links":{"self":[{"href":"https:\/\/www.maisbn.com\/portal\/wp-json\/wp\/v2\/posts\/15728","targetHints":{"allow":["GET"]}}],"collection":[{"href":"https:\/\/www.maisbn.com\/portal\/wp-json\/wp\/v2\/posts"}],"about":[{"href":"https:\/\/www.maisbn.com\/portal\/wp-json\/wp\/v2\/types\/post"}],"author":[{"embeddable":true,"href":"https:\/\/www.maisbn.com\/portal\/wp-json\/wp\/v2\/users\/7"}],"replies":[{"embeddable":true,"href":"https:\/\/www.maisbn.com\/portal\/wp-json\/wp\/v2\/comments?post=15728"}],"version-history":[{"count":1,"href":"https:\/\/www.maisbn.com\/portal\/wp-json\/wp\/v2\/posts\/15728\/revisions"}],"predecessor-version":[{"id":15730,"href":"https:\/\/www.maisbn.com\/portal\/wp-json\/wp\/v2\/posts\/15728\/revisions\/15730"}],"wp:featuredmedia":[{"embeddable":true,"href":"https:\/\/www.maisbn.com\/portal\/wp-json\/wp\/v2\/media\/15729"}],"wp:attachment":[{"href":"https:\/\/www.maisbn.com\/portal\/wp-json\/wp\/v2\/media?parent=15728"}],"wp:term":[{"taxonomy":"category","embeddable":true,"href":"https:\/\/www.maisbn.com\/portal\/wp-json\/wp\/v2\/categories?post=15728"},{"taxonomy":"post_tag","embeddable":true,"href":"https:\/\/www.maisbn.com\/portal\/wp-json\/wp\/v2\/tags?post=15728"}],"curies":[{"name":"wp","href":"https:\/\/api.w.org\/{rel}","templated":true}]}}