{"id":15720,"date":"2017-07-30T17:36:37","date_gmt":"2017-07-30T20:36:37","guid":{"rendered":"http:\/\/www.maisbn.com\/portal\/?p=15720"},"modified":"2017-07-30T17:36:37","modified_gmt":"2017-07-30T20:36:37","slug":"liderancas-da-aplb-belmonte-participam-de-debate-regional-sobre-conjunturas-politicas-educacionais","status":"publish","type":"post","link":"https:\/\/www.maisbn.com\/portal\/2017\/07\/liderancas-da-aplb-belmonte-participam-de-debate-regional-sobre-conjunturas-politicas-educacionais\/","title":{"rendered":"Lideran\u00e7as da APLB-Belmonte participam de debate regional sobre conjunturas pol\u00edticas educacionais."},"content":{"rendered":"<p>No \u00faltimo dia 21\/07 aconteceu na cidade de Itamaraju o Encontro Regional da APLB-Sindicato onde lideran\u00e7as da entidade debateram as conjunturas pol\u00edticas e educacionais da regi\u00e3o e do pa\u00eds. O Vereador e vice-coordenador Rog\u00e9rio Bahia e o Sr. Rodrigo Silva Martins, coordenador licenciado da entidade, representaram a cidade de Belmonte nesse evento.<\/p>\n<p><a href=\"http:\/\/www.maisbn.com\/portal\/wp-content\/uploads\/2017\/07\/reuniaoregionalaplb00001.jpg\"><img loading=\"lazy\" decoding=\"async\" class=\"aligncenter wp-image-15723\" src=\"http:\/\/www.maisbn.com\/portal\/wp-content\/uploads\/2017\/07\/reuniaoregionalaplb00001.jpg\" alt=\"reuniaoregionalaplb00001\" width=\"600\" height=\"385\" \/><\/a><\/p>\n<p>Rog\u00e9rio Bahia, convidado como um dos palestrante do evento, abordou a import\u00e2ncia da representatividade de um educador no legislativo. O tema colocado pelo representante belmontense promoveu um debate coerente e sensato sempre visando o olhar do profissional da educa\u00e7\u00e3o. O Sr. Rui Oliveira, Professor e Coordenador Regional da APLB, falou das conjunturas pol\u00edticas do pais p\u00f3s-reforma trabalhista. O mesmo abordou as mudan\u00e7as e os desafios que essa nova realidade representa para a educa\u00e7\u00e3o e para os trabalhadores de diversos setores da sociedade.<\/p>\n<p><a href=\"http:\/\/www.maisbn.com\/portal\/wp-content\/uploads\/2017\/07\/reuniaoregionalaplb00004.jpg\"><img loading=\"lazy\" decoding=\"async\" class=\"aligncenter wp-image-15724\" src=\"http:\/\/www.maisbn.com\/portal\/wp-content\/uploads\/2017\/07\/reuniaoregionalaplb00004.jpg\" alt=\"reuniaoregionalaplb00004\" width=\"600\" height=\"385\" \/><\/a><\/p>\n<p>A Coordenadora Regional, A Sr\u00aa Concei\u00e7\u00e3o, falou das estrat\u00e9gias de luta dos sindicatos na regi\u00e3o. Concei\u00e7\u00e3o \u00e9 uma lideran\u00e7a forte da cidade de Camacan, onde a mesma j\u00e1 foi vereadora e candidata \u00e0 Prefeita tendo como plataforma a valoriza\u00e7\u00e3o da educa\u00e7\u00e3o como uma importante iniciativa voltada ao desenvolvimento do pa\u00eds. Rodrigo Martins, coordenador licenciado da APLB-Belmonte, finalizou abordando a import\u00e2ncia da luta pol\u00edtica onde a classe educacional possa manifestar os seus anseios e reivindica\u00e7\u00f5es atrav\u00e9s de representantes devidamente escolhidos para compor os poderes legislativos e executivo.<\/p>\n<p><a href=\"http:\/\/www.maisbn.com\/portal\/wp-content\/uploads\/2017\/07\/reuniaoregionalaplb00005.jpg\"><img loading=\"lazy\" decoding=\"async\" class=\"aligncenter wp-image-15725\" src=\"http:\/\/www.maisbn.com\/portal\/wp-content\/uploads\/2017\/07\/reuniaoregionalaplb00005.jpg\" alt=\"reuniaoregionalaplb00005\" width=\"600\" height=\"385\" \/><\/a><\/p>\n<p>Em conversa com nossa reportagem, os representantes belmontenses revelaram que o evento foi muito produtivo e demonstrou que as lideran\u00e7as da APLB-Sindicato permanecem unidas no compromisso de buscar melhorias e defender o direito dos profissionais da educa\u00e7\u00e3o. <em>&#8220;Esse encontro demonstrou que h\u00e1 uma uni\u00e3o muito forte dentro da nossa entidade. Isso \u00e9 muito importante porque cada um de n\u00f3s sabe que n\u00e3o est\u00e1 sozinho. Isso nos d\u00e1 seguran\u00e7a para continuar em nossa jornada de luta por uma educa\u00e7\u00e3o de qualidade.&#8221;<\/em> &#8211; Finalizou Rog\u00e9rio Bahia.<\/p>\n<p>&nbsp;<\/p>\n<p>&nbsp;<\/p>\n","protected":false},"excerpt":{"rendered":"<p>No \u00faltimo dia 21\/07 aconteceu na cidade de Itamaraju o Encontro Regional da APLB-Sindicato onde lideran\u00e7as da entidade debateram as conjunturas pol\u00edticas e educacionais da regi\u00e3o e do pa\u00eds. O Vereador e vice-coordenador Rog\u00e9rio Bahia e o Sr. Rodrigo Silva Martins, coordenador licenciado da entidade, representaram a cidade de Belmonte nesse evento. Rog\u00e9rio Bahia, convidado [&hellip;]<\/p>\n","protected":false},"author":7,"featured_media":15723,"comment_status":"open","ping_status":"open","sticky":false,"template":"","format":"standard","meta":{"footnotes":""},"categories":[8,1],"tags":[108],"class_list":["post-15720","post","type-post","status-publish","format-standard","has-post-thumbnail","hentry","category-educacao","category-noticias","tag-belmonte"],"_links":{"self":[{"href":"https:\/\/www.maisbn.com\/portal\/wp-json\/wp\/v2\/posts\/15720","targetHints":{"allow":["GET"]}}],"collection":[{"href":"https:\/\/www.maisbn.com\/portal\/wp-json\/wp\/v2\/posts"}],"about":[{"href":"https:\/\/www.maisbn.com\/portal\/wp-json\/wp\/v2\/types\/post"}],"author":[{"embeddable":true,"href":"https:\/\/www.maisbn.com\/portal\/wp-json\/wp\/v2\/users\/7"}],"replies":[{"embeddable":true,"href":"https:\/\/www.maisbn.com\/portal\/wp-json\/wp\/v2\/comments?post=15720"}],"version-history":[{"count":4,"href":"https:\/\/www.maisbn.com\/portal\/wp-json\/wp\/v2\/posts\/15720\/revisions"}],"predecessor-version":[{"id":15740,"href":"https:\/\/www.maisbn.com\/portal\/wp-json\/wp\/v2\/posts\/15720\/revisions\/15740"}],"wp:featuredmedia":[{"embeddable":true,"href":"https:\/\/www.maisbn.com\/portal\/wp-json\/wp\/v2\/media\/15723"}],"wp:attachment":[{"href":"https:\/\/www.maisbn.com\/portal\/wp-json\/wp\/v2\/media?parent=15720"}],"wp:term":[{"taxonomy":"category","embeddable":true,"href":"https:\/\/www.maisbn.com\/portal\/wp-json\/wp\/v2\/categories?post=15720"},{"taxonomy":"post_tag","embeddable":true,"href":"https:\/\/www.maisbn.com\/portal\/wp-json\/wp\/v2\/tags?post=15720"}],"curies":[{"name":"wp","href":"https:\/\/api.w.org\/{rel}","templated":true}]}}