{"id":15706,"date":"2017-07-25T11:15:24","date_gmt":"2017-07-25T14:15:24","guid":{"rendered":"http:\/\/www.maisbn.com\/portal\/?p=15706"},"modified":"2017-07-25T11:15:24","modified_gmt":"2017-07-25T14:15:24","slug":"camara-aprova-em-sessao-extraordinaria-reajuste-salarial-dos-servidores-belmontenses","status":"publish","type":"post","link":"https:\/\/www.maisbn.com\/portal\/2017\/07\/camara-aprova-em-sessao-extraordinaria-reajuste-salarial-dos-servidores-belmontenses\/","title":{"rendered":"C\u00e2mara aprova em sess\u00e3o extraordin\u00e1ria reajuste salarial dos servidores belmontenses."},"content":{"rendered":"<div><a href=\"http:\/\/www.maisbn.com\/portal\/wp-content\/uploads\/2014\/12\/camara_belmonte.jpg\"><img loading=\"lazy\" decoding=\"async\" class=\"aligncenter size-full wp-image-6567\" src=\"http:\/\/www.maisbn.com\/portal\/wp-content\/uploads\/2014\/12\/camara_belmonte.jpg\" alt=\"camara_belmonte\" width=\"528\" height=\"277\" \/><\/a><\/div>\n<div>A C\u00e2mara de Vereadores de Belmonte aprovou nessa ter\u00e7a-feira (25\/07), o Projeto de Lei Complementar 20\/2017 que reajusta os sal\u00e1rios dos servidores p\u00fablicos municipais em 6,50%. O texto foi inclu\u00eddo na ordem do dia atrav\u00e9s de requerimento de urg\u00eancia assinado pelos vereadores que argumentaram a necessidade de votar o projeto nesta semana para que seja poss\u00edvel aplicar o reajuste j\u00e1 no pr\u00f3ximo sal\u00e1rio.<\/div>\n<div><\/div>\n<div><a href=\"http:\/\/www.maisbn.com\/portal\/wp-content\/uploads\/2017\/07\/45.jpeg\"><img loading=\"lazy\" decoding=\"async\" class=\"aligncenter size-medium wp-image-15707\" src=\"http:\/\/www.maisbn.com\/portal\/wp-content\/uploads\/2017\/07\/45-594x900.jpeg\" alt=\"45\" width=\"594\" height=\"900\" srcset=\"https:\/\/www.maisbn.com\/portal\/wp-content\/uploads\/2017\/07\/45-594x900.jpeg 594w, https:\/\/www.maisbn.com\/portal\/wp-content\/uploads\/2017\/07\/45-660x1000.jpeg 660w, https:\/\/www.maisbn.com\/portal\/wp-content\/uploads\/2017\/07\/45.jpeg 735w\" sizes=\"auto, (max-width: 594px) 100vw, 594px\" \/><\/a><\/div>\n<div>Mesmo em recesso o presidente da C\u00e2mara de Vereadores Aelson Matos se empenhou e convocou os edis para aprecia\u00e7\u00e3o e vota\u00e7\u00e3o do Projeto de Lei n.\u00ba 20\/2017. O requerimento teve parecer favor\u00e1vel da Comiss\u00e3o e, depois de aprovado pelo plen\u00e1rio, o projeto de lei foi a vota\u00e7\u00e3o em primeira e segunda discuss\u00e3o e deve agora seguir para san\u00e7\u00e3o do prefeito Janival Borges, autor do projeto.<\/div>\n<div><\/div>\n<div><a href=\"http:\/\/www.maisbn.com\/portal\/wp-content\/uploads\/2017\/07\/46.jpeg\"><img loading=\"lazy\" decoding=\"async\" class=\"aligncenter size-medium wp-image-15708\" src=\"http:\/\/www.maisbn.com\/portal\/wp-content\/uploads\/2017\/07\/46-633x900.jpeg\" alt=\"46\" width=\"633\" height=\"900\" srcset=\"https:\/\/www.maisbn.com\/portal\/wp-content\/uploads\/2017\/07\/46-633x900.jpeg 633w, https:\/\/www.maisbn.com\/portal\/wp-content\/uploads\/2017\/07\/46-703x1000.jpeg 703w, https:\/\/www.maisbn.com\/portal\/wp-content\/uploads\/2017\/07\/46.jpeg 726w\" sizes=\"auto, (max-width: 633px) 100vw, 633px\" \/><\/a><\/div>\n<div><span style=\"color: #ff0000;\"><em>Fonte: Jornal de Belmonte<\/em><\/span><\/div>\n<div><\/div>\n","protected":false},"excerpt":{"rendered":"<p>A C\u00e2mara de Vereadores de Belmonte aprovou nessa ter\u00e7a-feira (25\/07), o Projeto de Lei Complementar 20\/2017 que reajusta os sal\u00e1rios dos servidores p\u00fablicos municipais em 6,50%. O texto foi inclu\u00eddo na ordem do dia atrav\u00e9s de requerimento de urg\u00eancia assinado pelos vereadores que argumentaram a necessidade de votar o projeto nesta semana para que seja [&hellip;]<\/p>\n","protected":false},"author":7,"featured_media":6567,"comment_status":"open","ping_status":"open","sticky":false,"template":"","format":"standard","meta":{"footnotes":""},"categories":[45,1],"tags":[108],"class_list":["post-15706","post","type-post","status-publish","format-standard","has-post-thumbnail","hentry","category-cidades","category-noticias","tag-belmonte"],"_links":{"self":[{"href":"https:\/\/www.maisbn.com\/portal\/wp-json\/wp\/v2\/posts\/15706","targetHints":{"allow":["GET"]}}],"collection":[{"href":"https:\/\/www.maisbn.com\/portal\/wp-json\/wp\/v2\/posts"}],"about":[{"href":"https:\/\/www.maisbn.com\/portal\/wp-json\/wp\/v2\/types\/post"}],"author":[{"embeddable":true,"href":"https:\/\/www.maisbn.com\/portal\/wp-json\/wp\/v2\/users\/7"}],"replies":[{"embeddable":true,"href":"https:\/\/www.maisbn.com\/portal\/wp-json\/wp\/v2\/comments?post=15706"}],"version-history":[{"count":1,"href":"https:\/\/www.maisbn.com\/portal\/wp-json\/wp\/v2\/posts\/15706\/revisions"}],"predecessor-version":[{"id":15709,"href":"https:\/\/www.maisbn.com\/portal\/wp-json\/wp\/v2\/posts\/15706\/revisions\/15709"}],"wp:featuredmedia":[{"embeddable":true,"href":"https:\/\/www.maisbn.com\/portal\/wp-json\/wp\/v2\/media\/6567"}],"wp:attachment":[{"href":"https:\/\/www.maisbn.com\/portal\/wp-json\/wp\/v2\/media?parent=15706"}],"wp:term":[{"taxonomy":"category","embeddable":true,"href":"https:\/\/www.maisbn.com\/portal\/wp-json\/wp\/v2\/categories?post=15706"},{"taxonomy":"post_tag","embeddable":true,"href":"https:\/\/www.maisbn.com\/portal\/wp-json\/wp\/v2\/tags?post=15706"}],"curies":[{"name":"wp","href":"https:\/\/api.w.org\/{rel}","templated":true}]}}