{"id":15649,"date":"2017-07-21T08:00:31","date_gmt":"2017-07-21T11:00:31","guid":{"rendered":"http:\/\/www.maisbn.com\/portal\/?p=15649"},"modified":"2017-07-21T10:56:43","modified_gmt":"2017-07-21T13:56:43","slug":"prefeito-janival-borges-agradece-a-todos-pelo-brilhantismo-da-festa-do-carmo-em-belmonte","status":"publish","type":"post","link":"https:\/\/www.maisbn.com\/portal\/2017\/07\/prefeito-janival-borges-agradece-a-todos-pelo-brilhantismo-da-festa-do-carmo-em-belmonte\/","title":{"rendered":"Prefeito Janival Borges agradece a todos pelo brilhantismo da Festa do Carmo em Belmonte."},"content":{"rendered":"<p>O Prefeito Janival Borges agradeceu nessa quinta-feira (20\/07) a todas as pessoas que colaboraram para o brilhantismo da Festa de Nossa Senhora do Carmo, Padroeira do Munic\u00edpio de Belmonte, realizada no per\u00edodo compreendido entre os dias 07 e 19 desse m\u00eas. O gestor colocou que a realiza\u00e7\u00e3o do evento superou todas as expectativas da sua equipe de governo e que as pessoas que estiveram presentes nos festejos avaliaram positivamente toda a organiza\u00e7\u00e3o. Segue abaixo a Nota Oficial divulgada pelo gestor:<\/p>\n<p style=\"text-align: left;\"><a href=\"http:\/\/www.maisbn.com\/portal\/wp-content\/uploads\/2017\/07\/GEDC1345.jpg\"><img loading=\"lazy\" decoding=\"async\" class=\"wp-image-15650 alignleft\" src=\"http:\/\/www.maisbn.com\/portal\/wp-content\/uploads\/2017\/07\/GEDC1345.jpg\" alt=\"GEDC1345\" width=\"229\" height=\"241\" \/><\/a><em>&#8220;Eu, na condi\u00e7\u00e3o de Prefeito de Belmonte, agrade\u00e7o a todos que colaboraram para o brilhantismo dos festejos em homenagem \u00e0 Nossa Senhora do Carmo, nossa Padroeira. O evento superou todas as expectativas minhas e da minha equipe de governo e a maior satisfa\u00e7\u00e3o foi ver as pessoas, que vieram para a nossa cidade participar desse grande espet\u00e1culo de f\u00e9 crist\u00e3, elogiarem a nossa cidade. <\/em><\/p>\n<p><em>Eu quero agradecer tamb\u00e9m ao Deputado Estadual J\u00e2nio Natal e ao Deputado Federal Bacelar por se fazerem presentes junto \u00e0 nossa comunidade e por ajudarem na elabora\u00e7\u00e3o dessa festa linda de grande import\u00e2ncia para os belmontenses.<\/em><\/p>\n<p><em>Tamb\u00e9m quero deixar os meu agradecimentos especiais \u00e0 Par\u00f3quia Nossa Senhora do Carmo, na pessoa de Frei Humberto; \u00c0 Secretaria de Turismo, na pessoa de Herculano, que esteve \u00e0 frente do evento; \u00e0 Secretaria de Sa\u00fade e a todas as Secretarias municipais, que trabalharam de m\u00e3os dadas. Tamb\u00e9m quero agradecer \u00e0 toda equipe de infraestrutura, pelo trabalho de montagem de todo o espa\u00e7o; Aos barraqueiros, ambulantes e camel\u00f4s, que conosco viveram esse momento especial. Tamb\u00e9m aqui ressalto e agrade\u00e7o \u00e0s Filarm\u00f4nicas Lyra Popular e XV de Setembro pela qualidade das apresenta\u00e7\u00f5es que arrancaram aplausos de todo o p\u00fablico maravilhados com a musicalidade belmontense.<\/em><\/p>\n<p><em>Tamb\u00e9m fica o meu agradecimento e carinho aos l\u00edderes religiosos do Candombl\u00e9 e da Umbanda pela presen\u00e7a na tradicional lavagem das escadarias da Igreja da Matriz e por nos ajudarem a difundir ainda mais a cultura e a religiosidade do povo belmontense.<\/em><\/p>\n<p><em>Tamb\u00e9m quero ressaltar o importante trabalho realizado pelas Policias Militar e Civil, pelos Bombeiros Civis e pela Equipe de Seguran\u00e7a Particular por cuidarem de nossa seguran\u00e7a e serem sempre prestativos em todas as vezes que foram solicitados por nossa comunidade.<\/em><\/p>\n<p><em>Muito obrigado a todos e continuemos juntos, na f\u00e9, na alegria e no trabalho. Que Nossa Senhora do Carmo nos cubra com o seu manto, nos aben\u00e7oe e nos guie pelos caminhos da verdade e da justi\u00e7a!<\/em><\/p>\n<p><em>Janival Borges<\/em><\/p>\n<p><em>Prefeito do Munic\u00edpio de Belmonte.&#8221;<\/em><\/p>\n<p>&nbsp;<\/p>\n","protected":false},"excerpt":{"rendered":"<p>O Prefeito Janival Borges agradeceu nessa quinta-feira (20\/07) a todas as pessoas que colaboraram para o brilhantismo da Festa de Nossa Senhora do Carmo, Padroeira do Munic\u00edpio de Belmonte, realizada no per\u00edodo compreendido entre os dias 07 e 19 desse m\u00eas. O gestor colocou que a realiza\u00e7\u00e3o do evento superou todas as expectativas da sua [&hellip;]<\/p>\n","protected":false},"author":7,"featured_media":15650,"comment_status":"open","ping_status":"open","sticky":false,"template":"","format":"standard","meta":{"footnotes":""},"categories":[45,1],"tags":[108],"class_list":["post-15649","post","type-post","status-publish","format-standard","has-post-thumbnail","hentry","category-cidades","category-noticias","tag-belmonte"],"_links":{"self":[{"href":"https:\/\/www.maisbn.com\/portal\/wp-json\/wp\/v2\/posts\/15649","targetHints":{"allow":["GET"]}}],"collection":[{"href":"https:\/\/www.maisbn.com\/portal\/wp-json\/wp\/v2\/posts"}],"about":[{"href":"https:\/\/www.maisbn.com\/portal\/wp-json\/wp\/v2\/types\/post"}],"author":[{"embeddable":true,"href":"https:\/\/www.maisbn.com\/portal\/wp-json\/wp\/v2\/users\/7"}],"replies":[{"embeddable":true,"href":"https:\/\/www.maisbn.com\/portal\/wp-json\/wp\/v2\/comments?post=15649"}],"version-history":[{"count":1,"href":"https:\/\/www.maisbn.com\/portal\/wp-json\/wp\/v2\/posts\/15649\/revisions"}],"predecessor-version":[{"id":15651,"href":"https:\/\/www.maisbn.com\/portal\/wp-json\/wp\/v2\/posts\/15649\/revisions\/15651"}],"wp:featuredmedia":[{"embeddable":true,"href":"https:\/\/www.maisbn.com\/portal\/wp-json\/wp\/v2\/media\/15650"}],"wp:attachment":[{"href":"https:\/\/www.maisbn.com\/portal\/wp-json\/wp\/v2\/media?parent=15649"}],"wp:term":[{"taxonomy":"category","embeddable":true,"href":"https:\/\/www.maisbn.com\/portal\/wp-json\/wp\/v2\/categories?post=15649"},{"taxonomy":"post_tag","embeddable":true,"href":"https:\/\/www.maisbn.com\/portal\/wp-json\/wp\/v2\/tags?post=15649"}],"curies":[{"name":"wp","href":"https:\/\/api.w.org\/{rel}","templated":true}]}}