{"id":15642,"date":"2017-07-21T10:02:59","date_gmt":"2017-07-21T13:02:59","guid":{"rendered":"http:\/\/www.maisbn.com\/portal\/?p=15642"},"modified":"2017-07-21T10:02:59","modified_gmt":"2017-07-21T13:02:59","slug":"videomonitoramento-de-ruas-e-aprovado-pelos-vereadores-e-espera-sancao-do-prefeito-janival-borges","status":"publish","type":"post","link":"https:\/\/www.maisbn.com\/portal\/2017\/07\/videomonitoramento-de-ruas-e-aprovado-pelos-vereadores-e-espera-sancao-do-prefeito-janival-borges\/","title":{"rendered":"Videomonitoramento de ruas \u00e9 aprovado pelos vereadores e espera san\u00e7\u00e3o do Prefeito Janival Borges."},"content":{"rendered":"<p><a href=\"http:\/\/www.maisbn.com\/portal\/wp-content\/uploads\/2017\/07\/03_09_14_camera-620x400.jpg\"><img loading=\"lazy\" decoding=\"async\" class=\"aligncenter size-full wp-image-15646\" src=\"http:\/\/www.maisbn.com\/portal\/wp-content\/uploads\/2017\/07\/03_09_14_camera-620x400.jpg\" alt=\"03_09_14_camera-620x400\" width=\"620\" height=\"400\" \/><\/a><\/p>\n<p>O monitoramento de cidades por c\u00e2meras vem aumentando a cada dia e chamando a aten\u00e7\u00e3o das autoridades para essa importante ferramenta. O fato foi abordado na viagem ao munic\u00edpio de Santa Luz feita pelo Governador Rui Costa. O mandat\u00e1rio baiano informou que seu governo vem investindo no monitoramento por c\u00e2meras em v\u00e1rios munic\u00edpios do estado por entender que a tecnologia \u00e9 fundamental para um combate ao crime mais eficiente.\u00a0 <em>&#8220;Eu falo das c\u00e2meras porque \u00e9 uma medida importante na redu\u00e7\u00e3o da viol\u00eancia e facilita o trabalho. Ao inv\u00e9s de a viatura ficar rodando a cidade, tentando adivinhar onde est\u00e1 um problema, as c\u00e2meras fazem esse papel. Portanto a viatura vai no lugar certo&#8221;<\/em>, declarou Rui Costa.<\/p>\n<p>O Governador Rui Costa ainda comentou que policiais militares da reserva ser\u00e3o convocados e pagos para fazer o monitoramento das centrais de c\u00e2meras. O mesmo acredita que, com as filmagens, ser\u00e1 poss\u00edvel identificar mais facilmente os criminosos.<\/p>\n<p><strong>Monitoramento por C\u00e2meras na Costa do Descobrimento.<\/strong><\/p>\n<div id=\"attachment_15643\" style=\"width: 710px\" class=\"wp-caption aligncenter\"><a href=\"http:\/\/www.maisbn.com\/portal\/wp-content\/uploads\/2017\/07\/04.jpg\"><img loading=\"lazy\" decoding=\"async\" aria-describedby=\"caption-attachment-15643\" class=\"size-full wp-image-15643\" src=\"http:\/\/www.maisbn.com\/portal\/wp-content\/uploads\/2017\/07\/04.jpg\" alt=\"Foto: Site Nossa Cara\" width=\"700\" height=\"472\" \/><\/a><p id=\"caption-attachment-15643\" class=\"wp-caption-text\">Foto: Site Nossa Cara<\/p><\/div>\n<p>Na regi\u00e3o da Costa do Descobrimento apenas o munic\u00edpio de Porto Seguro tem um monitoramento efetivo por c\u00e2meras de seguran\u00e7a em pleno funcionamento. As c\u00e2meras, que foram instaladas pela Secret\u00e1ria Estadual de Seguran\u00e7a P\u00fablica na sede do Centro Integrado de Comunica\u00e7\u00f5es da Costa do Descobrimento (CICOM), foi uma ferramenta importante no combate \u00e0 viol\u00eancia no carnaval da cidade. Os equipamentos s\u00e3o todos digitais e \u00e9 composto de 20 c\u00e2meras de vigil\u00e2ncia de alta defini\u00e7\u00e3o. O monitoramento \u00e9 feito por policiais civis e militares e permite que viaturas sejam acionadas rapidamente em qualquer tipo de ocorr\u00eancia.<\/p>\n<div class=\"media-body\">\n<div class=\"editor\">\n<p><strong>Projeto de Lei Municipal contempla instala\u00e7\u00e3o de c\u00e2mera de seguran\u00e7a nas ruas de Belmonte.<\/strong><\/p>\n<div id=\"attachment_13890\" style=\"width: 660px\" class=\"wp-caption aligncenter\"><a href=\"http:\/\/www.maisbn.com\/portal\/wp-content\/uploads\/2017\/02\/vereador_alfredo001.jpg\"><img loading=\"lazy\" decoding=\"async\" aria-describedby=\"caption-attachment-13890\" class=\"size-full wp-image-13890\" src=\"http:\/\/www.maisbn.com\/portal\/wp-content\/uploads\/2017\/02\/vereador_alfredo001.jpg\" alt=\"Vereador Alfredo Aberceb.\" width=\"650\" height=\"412\" \/><\/a><p id=\"caption-attachment-13890\" class=\"wp-caption-text\">Vereador Alfredo Aberceb.<\/p><\/div>\n<p>Em Belmonte j\u00e1 existe um projeto de lei elaborado pelo Vereador Alfredo Aberceb que contempla a instala\u00e7\u00e3o de c\u00e2meras de vigil\u00e2ncia nas ruas da cidade. O citado Projeto de Lei j\u00e1 foi aprovado no plen\u00e1rio da C\u00e2mara de Vereadores e espera a san\u00e7\u00e3o do Prefeito Janival Borge. Segundo Alfredo, a medida \u00e9 importante pelo fato de que o munic\u00edpio vem sofrendo com o aumento da viol\u00eancia e com o baixo efetivo das policias Militar e Civil. <em>&#8220;Nossa cidade foi contemplada esse ano com a marca de 12 homic\u00eddios. N\u00f3s temos diversos assaltos sendo cometidos no centro da cidade quase todos os dias e o nosso efetivo policial n\u00e3o d\u00e1 conta da demanda. Eu acredito que o monitoramento ser\u00e1 uma grande ferramenta porque identificar\u00e1 os criminosos e permitir\u00e1 o direcionamento da nossa viatura mais rapidamente.&#8221;<\/em> &#8211; Comentou Alfredo.<\/p>\n<p>O Vereador ainda defende um estudo t\u00e9cnico para a instala\u00e7\u00e3o das c\u00e2meras que devem estar em locais cr\u00edticos da cidade. O mesmo ainda comentou que pede a instala\u00e7\u00e3o de um sistema de grava\u00e7\u00e3o inteligente para que as imagens sejam buscadas pelas autoridades policiais quando necess\u00e1rias na condu\u00e7\u00e3o de processos judiciais. <em>&#8220;Temos que ter um equipamento de extrema qualidade. Tenho conversado com o Prefeito Janival Borges para que o mesmo entenda a import\u00e2ncia do projeto e disse que empenhar\u00e1 esfor\u00e7os para que os equipamentos sejam instalados o mais r\u00e1pido poss\u00edvel.&#8221;<\/em> &#8211; Finalizou Alfredo.<\/p>\n<p>Veja abaixo o Projeto de Lei elaborado pelo Vereador Alfredo Abecerb:<\/p>\n<p><a href=\"http:\/\/www.maisbn.com\/portal\/wp-content\/uploads\/2017\/07\/projeto_alfredo.jpg\"><img loading=\"lazy\" decoding=\"async\" class=\"aligncenter size-medium wp-image-15644\" src=\"http:\/\/www.maisbn.com\/portal\/wp-content\/uploads\/2017\/07\/projeto_alfredo-534x900.jpg\" alt=\"projeto_alfredo\" width=\"534\" height=\"900\" srcset=\"https:\/\/www.maisbn.com\/portal\/wp-content\/uploads\/2017\/07\/projeto_alfredo-534x900.jpg 534w, https:\/\/www.maisbn.com\/portal\/wp-content\/uploads\/2017\/07\/projeto_alfredo-593x1000.jpg 593w, https:\/\/www.maisbn.com\/portal\/wp-content\/uploads\/2017\/07\/projeto_alfredo.jpg 720w\" sizes=\"auto, (max-width: 534px) 100vw, 534px\" \/><\/a><\/p>\n<p>&nbsp;<\/p>\n<p>&nbsp;<\/p>\n<\/div>\n<\/div>\n<div class=\"clearFloat\"><\/div>\n","protected":false},"excerpt":{"rendered":"<p>O monitoramento de cidades por c\u00e2meras vem aumentando a cada dia e chamando a aten\u00e7\u00e3o das autoridades para essa importante ferramenta. O fato foi abordado na viagem ao munic\u00edpio de Santa Luz feita pelo Governador Rui Costa. O mandat\u00e1rio baiano informou que seu governo vem investindo no monitoramento por c\u00e2meras em v\u00e1rios munic\u00edpios do estado [&hellip;]<\/p>\n","protected":false},"author":7,"featured_media":15646,"comment_status":"open","ping_status":"open","sticky":false,"template":"","format":"standard","meta":{"footnotes":""},"categories":[45,1],"tags":[108],"class_list":["post-15642","post","type-post","status-publish","format-standard","has-post-thumbnail","hentry","category-cidades","category-noticias","tag-belmonte"],"_links":{"self":[{"href":"https:\/\/www.maisbn.com\/portal\/wp-json\/wp\/v2\/posts\/15642","targetHints":{"allow":["GET"]}}],"collection":[{"href":"https:\/\/www.maisbn.com\/portal\/wp-json\/wp\/v2\/posts"}],"about":[{"href":"https:\/\/www.maisbn.com\/portal\/wp-json\/wp\/v2\/types\/post"}],"author":[{"embeddable":true,"href":"https:\/\/www.maisbn.com\/portal\/wp-json\/wp\/v2\/users\/7"}],"replies":[{"embeddable":true,"href":"https:\/\/www.maisbn.com\/portal\/wp-json\/wp\/v2\/comments?post=15642"}],"version-history":[{"count":2,"href":"https:\/\/www.maisbn.com\/portal\/wp-json\/wp\/v2\/posts\/15642\/revisions"}],"predecessor-version":[{"id":15647,"href":"https:\/\/www.maisbn.com\/portal\/wp-json\/wp\/v2\/posts\/15642\/revisions\/15647"}],"wp:featuredmedia":[{"embeddable":true,"href":"https:\/\/www.maisbn.com\/portal\/wp-json\/wp\/v2\/media\/15646"}],"wp:attachment":[{"href":"https:\/\/www.maisbn.com\/portal\/wp-json\/wp\/v2\/media?parent=15642"}],"wp:term":[{"taxonomy":"category","embeddable":true,"href":"https:\/\/www.maisbn.com\/portal\/wp-json\/wp\/v2\/categories?post=15642"},{"taxonomy":"post_tag","embeddable":true,"href":"https:\/\/www.maisbn.com\/portal\/wp-json\/wp\/v2\/tags?post=15642"}],"curies":[{"name":"wp","href":"https:\/\/api.w.org\/{rel}","templated":true}]}}