{"id":15635,"date":"2017-07-20T16:58:23","date_gmt":"2017-07-20T19:58:23","guid":{"rendered":"http:\/\/www.maisbn.com\/portal\/?p=15635"},"modified":"2017-07-20T16:58:23","modified_gmt":"2017-07-20T19:58:23","slug":"veracel-celulose-divulga-edital-para-contratacao-de-estagiario-de-nivel-superior-para-a-area-de-ti","status":"publish","type":"post","link":"https:\/\/www.maisbn.com\/portal\/2017\/07\/veracel-celulose-divulga-edital-para-contratacao-de-estagiario-de-nivel-superior-para-a-area-de-ti\/","title":{"rendered":"Veracel Celulose divulga edital para contrata\u00e7\u00e3o de estagi\u00e1rio de n\u00edvel superior para a \u00e1rea de TI."},"content":{"rendered":"<p><a href=\"http:\/\/www.maisbn.com\/portal\/wp-content\/uploads\/2015\/05\/emprego-ilustra.jpg\"><img loading=\"lazy\" decoding=\"async\" class=\"aligncenter size-full wp-image-7685\" src=\"http:\/\/www.maisbn.com\/portal\/wp-content\/uploads\/2015\/05\/emprego-ilustra.jpg\" alt=\"emprego-ilustra\" width=\"600\" height=\"400\" \/><\/a><\/p>\n<p>Para se candidatar, \u00e9 necess\u00e1rio estar cursando do 2\u00ba ao 5\u00ba per\u00edodo dos cursos de An\u00e1lise e Desenvolvimento de Sistemas, Sistema de Informa\u00e7\u00e3o, Engenharia de Computa\u00e7\u00e3o ou Administra\u00e7\u00e3o de Empresas e possuir conhecimento em Pacote Office (Word, Excel, PowerPoint e Outlook).<\/p>\n<p><strong>\u00a0DADOS SOBRE O EST\u00c1GIO:<\/strong><\/p>\n<ul>\n<li>Quantidade de vagas: 1 (uma);<\/li>\n<li>Dura\u00e7\u00e3o do Est\u00e1gio: 12 meses;<\/li>\n<li>Hor\u00e1rio de est\u00e1gio: 6 horas di\u00e1rias (os candidatos dever\u00e3o ter disponibilidade para estagiar no per\u00edodo diurno, a partir das 8h);<\/li>\n<li>Atividades que ser\u00e3o realizadas pelo Estagi\u00e1rio: Suporte aos processos da \u00e1rea de TI, entendimento sobre fluxos na \u00e1rea de TI, acompanhamento de chamados e demandas da \u00e1rea de atendimento de TI.<\/li>\n<li>Oferecemos bolsa-aux\u00edlio, transporte e alimenta\u00e7\u00e3o (almo\u00e7o).<\/li>\n<\/ul>\n<p><strong>\u00a0<\/strong>Os interessados nas vagas divulgadas devem cadastrar curr\u00edculo at\u00e9 o dia <strong>26\/07\/2017<\/strong>, acessando o site <a href=\"http:\/\/www.veracel.com.br\" data-saferedirecturl=\"https:\/\/www.google.com\/url?hl=pt-BR&amp;q=http:\/\/www.veracel.com.br&amp;source=gmail&amp;ust=1500666851332000&amp;usg=AFQjCNHBJOGVhK3Ih4rjkdz32aJRTsNwPg\">www.veracel.com.br<\/a>. Localize a op\u00e7\u00e3o Trabalhe Conosco \u2013&gt; Clique em Conhe\u00e7a as nossas vagas \u2013 Clique no t\u00edtulo da vaga para ter acesso \u00e0s informa\u00e7\u00f5es detalhadas e como candidatar-se \u2013 Depois, clique em Candidatura. A candidatura \u00e0 vaga s\u00f3 \u00e9 poss\u00edvel ap\u00f3s o cadastro das informa\u00e7\u00f5es no site.<\/p>\n<p>Toda a comunica\u00e7\u00e3o com os candidatos ser\u00e1 realizada por meio do endere\u00e7o eletr\u00f4nico utilizado para cadastro do curr\u00edculo no site da Veracel. As vagas tamb\u00e9m s\u00e3o destinadas a candidatos com defici\u00eancias.<\/p>\n<p>&nbsp;<\/p>\n","protected":false},"excerpt":{"rendered":"<p>Para se candidatar, \u00e9 necess\u00e1rio estar cursando do 2\u00ba ao 5\u00ba per\u00edodo dos cursos de An\u00e1lise e Desenvolvimento de Sistemas, Sistema de Informa\u00e7\u00e3o, Engenharia de Computa\u00e7\u00e3o ou Administra\u00e7\u00e3o de Empresas e possuir conhecimento em Pacote Office (Word, Excel, PowerPoint e Outlook). \u00a0DADOS SOBRE O EST\u00c1GIO: Quantidade de vagas: 1 (uma); Dura\u00e7\u00e3o do Est\u00e1gio: 12 meses; [&hellip;]<\/p>\n","protected":false},"author":7,"featured_media":7685,"comment_status":"open","ping_status":"open","sticky":false,"template":"","format":"standard","meta":{"footnotes":""},"categories":[9,1],"tags":[108],"class_list":["post-15635","post","type-post","status-publish","format-standard","has-post-thumbnail","hentry","category-concursos-oportunidades","category-noticias","tag-belmonte"],"_links":{"self":[{"href":"https:\/\/www.maisbn.com\/portal\/wp-json\/wp\/v2\/posts\/15635","targetHints":{"allow":["GET"]}}],"collection":[{"href":"https:\/\/www.maisbn.com\/portal\/wp-json\/wp\/v2\/posts"}],"about":[{"href":"https:\/\/www.maisbn.com\/portal\/wp-json\/wp\/v2\/types\/post"}],"author":[{"embeddable":true,"href":"https:\/\/www.maisbn.com\/portal\/wp-json\/wp\/v2\/users\/7"}],"replies":[{"embeddable":true,"href":"https:\/\/www.maisbn.com\/portal\/wp-json\/wp\/v2\/comments?post=15635"}],"version-history":[{"count":1,"href":"https:\/\/www.maisbn.com\/portal\/wp-json\/wp\/v2\/posts\/15635\/revisions"}],"predecessor-version":[{"id":15636,"href":"https:\/\/www.maisbn.com\/portal\/wp-json\/wp\/v2\/posts\/15635\/revisions\/15636"}],"wp:featuredmedia":[{"embeddable":true,"href":"https:\/\/www.maisbn.com\/portal\/wp-json\/wp\/v2\/media\/7685"}],"wp:attachment":[{"href":"https:\/\/www.maisbn.com\/portal\/wp-json\/wp\/v2\/media?parent=15635"}],"wp:term":[{"taxonomy":"category","embeddable":true,"href":"https:\/\/www.maisbn.com\/portal\/wp-json\/wp\/v2\/categories?post=15635"},{"taxonomy":"post_tag","embeddable":true,"href":"https:\/\/www.maisbn.com\/portal\/wp-json\/wp\/v2\/tags?post=15635"}],"curies":[{"name":"wp","href":"https:\/\/api.w.org\/{rel}","templated":true}]}}