{"id":15626,"date":"2017-07-19T23:36:13","date_gmt":"2017-07-20T02:36:13","guid":{"rendered":"http:\/\/www.maisbn.com\/portal\/?p=15626"},"modified":"2017-07-19T23:36:13","modified_gmt":"2017-07-20T02:36:13","slug":"onca-pintada-no-sul-da-bahia-primeiro-registro-em-mais-de-20-anos","status":"publish","type":"post","link":"https:\/\/www.maisbn.com\/portal\/2017\/07\/onca-pintada-no-sul-da-bahia-primeiro-registro-em-mais-de-20-anos\/","title":{"rendered":"On\u00e7a pintada no Sul da Bahia: primeiro registro em mais de 20 anos."},"content":{"rendered":"<p><a href=\"http:\/\/www.maisbn.com\/portal\/wp-content\/uploads\/2017\/07\/On\u00e7a-pintada-\u00e9-avistada-na-RPPN-Esta\u00e7\u00e3o-Veracel-e1500517958141.jpg\"><img loading=\"lazy\" decoding=\"async\" class=\" wp-image-15627\" src=\"http:\/\/www.maisbn.com\/portal\/wp-content\/uploads\/2017\/07\/On\u00e7a-pintada-\u00e9-avistada-na-RPPN-Esta\u00e7\u00e3o-Veracel-1000x750.jpg\" alt=\"M2E1L7-28R350B300\" width=\"600\" height=\"450\" \/><\/a><\/p>\n<p>Foto revela uma on\u00e7a pintada na RPPN Esta\u00e7\u00e3o Veracel \u2013 Porto Seguro\/BA. Esse \u00e9 o primeiro registro em mais de 20 anos na regi\u00e3o e feito durante o monitoramento de fauna e flora realizado pela consultoria especializada Casa da Floresta. A imagem foi feita por meio das armadilhas fotogr\u00e1ficas, em maio, e s\u00f3 depois de refinados dados, a informa\u00e7\u00e3o \u00e9 trazida \u00e0 p\u00fablico. A esp\u00e9cie se encontra na categoria \u201cvulner\u00e1vel\u201d de risco de extin\u00e7\u00e3o no \u00e2mbito nacional, no entanto, para o bioma Mata Atl\u00e2ntica, seu grau de amea\u00e7a \u00e9 ainda maior, pois acredita-se que sua popula\u00e7\u00e3o n\u00e3o supere 300 indiv\u00edduos.<\/p>\n<p>\u201cIsso significa o sucesso dos esfor\u00e7os de conserva\u00e7\u00e3o ambiental\u201d, destaca o analista ambiental Ronaldo Gon\u00e7alves Morato, do Centro Nacional de Pesquisa e Conserva\u00e7\u00e3o de Mam\u00edferos (CENAP) vinculado ao Instituto Chico Mendes (ICMbio). A on\u00e7a-pintada \u00e9 um mam\u00edfero de topo de cadeia, considerado o maior felino das Am\u00e9ricas. Possui extensa \u00e1rea de vida, podendo chegar a 113 km2 para machos e 86 km2 para f\u00eameas na Mata Atl\u00e2ntica. Sua ocorr\u00eancia est\u00e1 relacionada ao n\u00famero de presas, a presen\u00e7a de cursos d\u2019\u00e1gua e a quantidade de cobertura vegetal com alto grau de preserva\u00e7\u00e3o, apesar de j\u00e1 ter sido registrada em \u00e1reas de silvicultura. Segundo Morato, \u00e9 importante celebrar e tratar com orgulho, pois a presen\u00e7a desse animal s\u00f3 \u00e9 poss\u00edvel em condi\u00e7\u00f5es ambientais adequadas. \u201cD\u00e1 novo \u00e2nimo aos estudos pela conectividade entre o Parque e a Esta\u00e7\u00e3o Veracel\u201d, complementa F\u00e1bio Faraco, gestor do Parque Nacional Pau Brasil \u2013 ICMbio.<\/p>\n<p>Evolutivamente, a on\u00e7a-pintada \u00e9 um parente bastante pr\u00f3ximo de outras esp\u00e9cies de grandes felinos, como o tigre e o le\u00e3o, sendo o \u00fanico representante do g\u00eanero <em>Panthera<\/em> no Brasil. Segundo o gerente de projetos da Casa da Floresta, Elson Fernandes de Lima, a ocorr\u00eancia da esp\u00e9cie no Sul da Bahia \u00e9 ainda mais espetacular pois trata-se de uma regi\u00e3o sens\u00edvel devido ao hist\u00f3rico de ocupa\u00e7\u00e3o local, com extensas \u00e1reas de pastagem e \u201csobretudo, a forte press\u00e3o de ca\u00e7a, evidenciada tanto por nossos estudos, quanto por outros artigos cient\u00edficos\u201d, lembra o ec\u00f3logo.<\/p>\n<p>A partir de agora, j\u00e1 come\u00e7a a ser desenhado um arranjo institucional que permita ampliar e intensificar o monitoramento nesta \u00e1rea, da mesma forma que se faz necess\u00e1rio dar suporte \u00e0 sociedade para conviver e conservar a biodiversidade.<\/p>\n<p><strong>Esta\u00e7\u00e3o Veracel<\/strong> &#8211; Localizada no bioma Mata Atl\u00e2ntica, a aproximadamente 15 quil\u00f4metros do centro hist\u00f3rico de Porto Seguro, em plena Costa do Descobrimento no Sul da Bahia\/Brasil, a Reserva Particular de Prote\u00e7\u00e3o Natural (RPPN) Esta\u00e7\u00e3o Veracel ocupa uma \u00e1rea de 6.069 hectares, que se estendem pelos munic\u00edpios de Porto Seguro e Santa Cruz Cabr\u00e1lia. A RPPN Esta\u00e7\u00e3o Veracel possui o reconhecimento da Organiza\u00e7\u00e3o das Na\u00e7\u00f5es Unidas para a Educa\u00e7\u00e3o, a Ci\u00eancia e a Cultura (UNESCO) como uma das Reservas de Mata Atl\u00e2ntica inscritas como S\u00edtio do Patrim\u00f4nio Mundial Natural. Desde 1992, a RPPN Esta\u00e7\u00e3o Veracel em sido um espa\u00e7o para estudos sobre a flora e a fauna realizados em parceria com os quais s\u00e3o realizados em parcerias com universidades, centros de pesquisa e organiza\u00e7\u00f5es n\u00e3o governamentais. A \u00e1rea tamb\u00e9m abriga atividades de educa\u00e7\u00e3o e recrea\u00e7\u00e3o ambiental, utilizando a t\u00e9cnica de viv\u00eancias com a natureza, na qual os visitantes podem entrar em contato direto com a floresta e vivenciar experi\u00eancias com o meio ambiente.<\/p>\n<p><em>A <strong>Casa da Floresta Ambiental<\/strong> \u00e9 uma empresa especializada em estudos de biodiversidade e sustentabilidade. Com 17 anos de experi\u00eancia na \u00e1rea de consultoria ambiental, est\u00e3o \u00e0 frente deste projeto o Ec\u00f3logo Me. Elson Fernandes de Lima, o eng. Florestal Rog\u00e9rio C\u00e2novas Camargo Ferreira e o bi\u00f3logo Diogo Cavenague Casanova. A Casa da Floresta realiza monitoramento de fauna e flora em \u00e1reas da Veracel desde 2008.<\/em><\/p>\n","protected":false},"excerpt":{"rendered":"<p>Foto revela uma on\u00e7a pintada na RPPN Esta\u00e7\u00e3o Veracel \u2013 Porto Seguro\/BA. Esse \u00e9 o primeiro registro em mais de 20 anos na regi\u00e3o e feito durante o monitoramento de fauna e flora realizado pela consultoria especializada Casa da Floresta. A imagem foi feita por meio das armadilhas fotogr\u00e1ficas, em maio, e s\u00f3 depois de [&hellip;]<\/p>\n","protected":false},"author":7,"featured_media":15627,"comment_status":"open","ping_status":"open","sticky":false,"template":"","format":"standard","meta":{"footnotes":""},"categories":[33,1],"tags":[108],"class_list":["post-15626","post","type-post","status-publish","format-standard","has-post-thumbnail","hentry","category-meio-ambiente","category-noticias","tag-belmonte"],"_links":{"self":[{"href":"https:\/\/www.maisbn.com\/portal\/wp-json\/wp\/v2\/posts\/15626","targetHints":{"allow":["GET"]}}],"collection":[{"href":"https:\/\/www.maisbn.com\/portal\/wp-json\/wp\/v2\/posts"}],"about":[{"href":"https:\/\/www.maisbn.com\/portal\/wp-json\/wp\/v2\/types\/post"}],"author":[{"embeddable":true,"href":"https:\/\/www.maisbn.com\/portal\/wp-json\/wp\/v2\/users\/7"}],"replies":[{"embeddable":true,"href":"https:\/\/www.maisbn.com\/portal\/wp-json\/wp\/v2\/comments?post=15626"}],"version-history":[{"count":1,"href":"https:\/\/www.maisbn.com\/portal\/wp-json\/wp\/v2\/posts\/15626\/revisions"}],"predecessor-version":[{"id":15628,"href":"https:\/\/www.maisbn.com\/portal\/wp-json\/wp\/v2\/posts\/15626\/revisions\/15628"}],"wp:featuredmedia":[{"embeddable":true,"href":"https:\/\/www.maisbn.com\/portal\/wp-json\/wp\/v2\/media\/15627"}],"wp:attachment":[{"href":"https:\/\/www.maisbn.com\/portal\/wp-json\/wp\/v2\/media?parent=15626"}],"wp:term":[{"taxonomy":"category","embeddable":true,"href":"https:\/\/www.maisbn.com\/portal\/wp-json\/wp\/v2\/categories?post=15626"},{"taxonomy":"post_tag","embeddable":true,"href":"https:\/\/www.maisbn.com\/portal\/wp-json\/wp\/v2\/tags?post=15626"}],"curies":[{"name":"wp","href":"https:\/\/api.w.org\/{rel}","templated":true}]}}