{"id":15497,"date":"2017-07-11T17:53:13","date_gmt":"2017-07-11T20:53:13","guid":{"rendered":"http:\/\/www.maisbn.com\/portal\/?p=15497"},"modified":"2017-07-11T17:53:13","modified_gmt":"2017-07-11T20:53:13","slug":"impasse-entre-prefeitura-de-belmonte-e-associacao-causa-prejuizo-a-agricultura-familiar","status":"publish","type":"post","link":"https:\/\/www.maisbn.com\/portal\/2017\/07\/impasse-entre-prefeitura-de-belmonte-e-associacao-causa-prejuizo-a-agricultura-familiar\/","title":{"rendered":"Impasse entre Prefeitura de Belmonte e Associa\u00e7\u00e3o causa preju\u00edzo \u00e0 Agricultura Familiar."},"content":{"rendered":"<p>Um desentendimento entre a gest\u00e3o municipal e a Associa\u00e7\u00e3o de Agricultores de Belmonte e Regi\u00e3o (AABR) virou um grande impasse que est\u00e1 prejudicando a aquisi\u00e7\u00e3o de itens da agricultura familiar para serem usados na confec\u00e7\u00e3o da merenda escolar. A Associa\u00e7\u00e3o alega que a Prefeitura de Belmonte est\u00e1 agindo de m\u00e1 vontade e est\u00e1 prejudicando os agricultores que se prepararam e esperavam que o munic\u00edpio comprasse os seus produtos. O Presidente da Associa\u00e7\u00e3o, o Sr. Jair Abreu, comentou com nossa reportagem que esse problema vem se arrastando desde o come\u00e7o do ano letivo.\u00a0 Segundo o mesmo, os agricultores ganharam a licita\u00e7\u00e3o, mas a Prefeitura alega que os pre\u00e7os est\u00e3o incompat\u00edveis. <em>&#8220;N\u00f3s fizemos a cota\u00e7\u00e3o de pre\u00e7os juntos com funcion\u00e1rios da pr\u00f3pria prefeitura. Cumprimos todas as etapas do processo. N\u00f3s ganhamos e a gest\u00e3o municipal est\u00e1 querendo mudar as regras do jogo, diminuir os pre\u00e7os e inviabilizar a Associa\u00e7\u00e3o.&#8221;<\/em> &#8211; Comentou Jair Abreu.<\/p>\n<p><a href=\"http:\/\/www.maisbn.com\/portal\/wp-content\/uploads\/2017\/07\/merenda-escolar.jpg\"><img loading=\"lazy\" decoding=\"async\" class=\"aligncenter size-full wp-image-15533\" src=\"http:\/\/www.maisbn.com\/portal\/wp-content\/uploads\/2017\/07\/merenda-escolar.jpg\" alt=\"merenda escolar\" width=\"600\" height=\"375\" \/><\/a><\/p>\n<p>O Presidente comentou que a legisla\u00e7\u00e3o ainda permite que os produtos da Agricultura Familiar podem ser comprados com o pre\u00e7o at\u00e9 10% acima do valor de mercado porque a Associa\u00e7\u00e3o de Agricultores \u00e9 uma entidade sem fins lucrativos e o programa visa ajudar e incentivar os pequenos produtores. &#8220;N\u00f3s poder\u00edamos ter aproveitado essa prerrogativa, mas n\u00e3o fizemos isso. Os pre\u00e7os s\u00e3o justos, cobrem os custos da produ\u00e7\u00e3o e o funcionamento da Associa\u00e7\u00e3o. Isso tudo foi explicado, mas o Prefeito Janival Borges e sua equipe insistem em querer reduzir os valores e prejudicar os agricultores.&#8221; &#8211; Colocou o presidente.<\/p>\n<div id=\"attachment_14750\" style=\"width: 660px\" class=\"wp-caption aligncenter\"><a href=\"http:\/\/www.maisbn.com\/portal\/wp-content\/uploads\/2017\/05\/agricultores00006.jpg\"><img loading=\"lazy\" decoding=\"async\" aria-describedby=\"caption-attachment-14750\" class=\"wp-image-14750 size-full\" src=\"http:\/\/www.maisbn.com\/portal\/wp-content\/uploads\/2017\/05\/agricultores00006.jpg\" alt=\"agricultores00006\" width=\"650\" height=\"412\" \/><\/a><p id=\"caption-attachment-14750\" class=\"wp-caption-text\">Representantes da AABR em reuni\u00e3o com representantes da Prefeitura para organizar o fornecimento de produtos para a merenda escolar &#8211; Maio de 2017.<\/p><\/div>\n<p>Nossa equipe procurou informa\u00e7\u00f5es da Prefeitura Municipal de Belmonte e um representante do setor de licita\u00e7\u00e3o informou que o motivo do contrato de aquisi\u00e7\u00e3o n\u00e3o ser firmado entre o munic\u00edpio e a Associa\u00e7\u00e3o de Agricultores \u00e9 realmente a incompatibilidade dos pre\u00e7os. O representante comentou com nossa reportagem que o munic\u00edpio tem que gastar no m\u00ednimo 30% com a agricultura familiar, mas os pre\u00e7os est\u00e3o muito altos e extrapolam as estimativas de custos da gest\u00e3o. O setor ainda informou que est\u00e1 sendo aberta uma nova Chamada P\u00fablica e que pretende negociar com a AABR um acordo para a redu\u00e7\u00e3o dos valores. &#8220;N\u00e3o temos verbas para cobrir as despesas apresentadas. Isso j\u00e1 foi comunicado aos representantes da entidade, mas eles n\u00e3o querem entender.&#8221;<\/p>\n<div id=\"attachment_14749\" style=\"width: 660px\" class=\"wp-caption aligncenter\"><a href=\"http:\/\/www.maisbn.com\/portal\/wp-content\/uploads\/2017\/05\/agricultores00004.jpg\"><img loading=\"lazy\" decoding=\"async\" aria-describedby=\"caption-attachment-14749\" class=\"size-full wp-image-14749\" src=\"http:\/\/www.maisbn.com\/portal\/wp-content\/uploads\/2017\/05\/agricultores00004.jpg\" alt=\"Representantes da Associa\u00e7\u00e3o dos Agricultores de Belmonte e Regi\u00e3o em reuni\u00e3o com representantes da Prefeitura para organizar o fornecimento de produtos para a merenda escolar - Maio de 2017. \" width=\"650\" height=\"412\" \/><\/a><p id=\"caption-attachment-14749\" class=\"wp-caption-text\">Representantes da AABR em reuni\u00e3o com representantes da Prefeitura para organizar o fornecimento de produtos para a merenda escolar &#8211; Maio de 2017.<\/p><\/div>\n<p>Enquanto o impasse n\u00e3o se resolve, os agricultores alegam que est\u00e3o tomando preju\u00edzo porque existe produ\u00e7\u00e3o sendo perdida nas propriedades e gerando imensos preju\u00edzos. Outra situa\u00e7\u00e3o que est\u00e1 preocupando os produtores \u00e9 a possibilidade do munic\u00edpio perder a verba da merenda escolar referente \u00e0 Agricultura Familiar. &#8220;O Governo Federal pode reduzir em 30% as verbas da merenda escolar em 2018 porque esse ano a gest\u00e3o n\u00e3o est\u00e1 usando esse percentual para investir na Agricultura Familiar. Isso ser\u00e1 uma perda para o munic\u00edpio e um preju\u00edzo muito grande para os pequenos produtores.&#8221; &#8211; Finalizou Jair Abreu.<\/p>\n<p>&nbsp;<\/p>\n<p>&nbsp;<\/p>\n<p>&nbsp;<\/p>\n","protected":false},"excerpt":{"rendered":"<p>Um desentendimento entre a gest\u00e3o municipal e a Associa\u00e7\u00e3o de Agricultores de Belmonte e Regi\u00e3o (AABR) virou um grande impasse que est\u00e1 prejudicando a aquisi\u00e7\u00e3o de itens da agricultura familiar para serem usados na confec\u00e7\u00e3o da merenda escolar. A Associa\u00e7\u00e3o alega que a Prefeitura de Belmonte est\u00e1 agindo de m\u00e1 vontade e est\u00e1 prejudicando os [&hellip;]<\/p>\n","protected":false},"author":7,"featured_media":15533,"comment_status":"open","ping_status":"open","sticky":false,"template":"","format":"standard","meta":{"footnotes":""},"categories":[45,1],"tags":[108],"class_list":["post-15497","post","type-post","status-publish","format-standard","has-post-thumbnail","hentry","category-cidades","category-noticias","tag-belmonte"],"_links":{"self":[{"href":"https:\/\/www.maisbn.com\/portal\/wp-json\/wp\/v2\/posts\/15497","targetHints":{"allow":["GET"]}}],"collection":[{"href":"https:\/\/www.maisbn.com\/portal\/wp-json\/wp\/v2\/posts"}],"about":[{"href":"https:\/\/www.maisbn.com\/portal\/wp-json\/wp\/v2\/types\/post"}],"author":[{"embeddable":true,"href":"https:\/\/www.maisbn.com\/portal\/wp-json\/wp\/v2\/users\/7"}],"replies":[{"embeddable":true,"href":"https:\/\/www.maisbn.com\/portal\/wp-json\/wp\/v2\/comments?post=15497"}],"version-history":[{"count":4,"href":"https:\/\/www.maisbn.com\/portal\/wp-json\/wp\/v2\/posts\/15497\/revisions"}],"predecessor-version":[{"id":15536,"href":"https:\/\/www.maisbn.com\/portal\/wp-json\/wp\/v2\/posts\/15497\/revisions\/15536"}],"wp:featuredmedia":[{"embeddable":true,"href":"https:\/\/www.maisbn.com\/portal\/wp-json\/wp\/v2\/media\/15533"}],"wp:attachment":[{"href":"https:\/\/www.maisbn.com\/portal\/wp-json\/wp\/v2\/media?parent=15497"}],"wp:term":[{"taxonomy":"category","embeddable":true,"href":"https:\/\/www.maisbn.com\/portal\/wp-json\/wp\/v2\/categories?post=15497"},{"taxonomy":"post_tag","embeddable":true,"href":"https:\/\/www.maisbn.com\/portal\/wp-json\/wp\/v2\/tags?post=15497"}],"curies":[{"name":"wp","href":"https:\/\/api.w.org\/{rel}","templated":true}]}}