{"id":15485,"date":"2017-07-10T17:02:18","date_gmt":"2017-07-10T20:02:18","guid":{"rendered":"http:\/\/www.maisbn.com\/portal\/?p=15485"},"modified":"2017-07-10T17:05:56","modified_gmt":"2017-07-10T20:05:56","slug":"rogerio-bahia-concede-entrevista-e-revela-como-gerenciou-a-crise-da-greve-dos-professores","status":"publish","type":"post","link":"https:\/\/www.maisbn.com\/portal\/2017\/07\/rogerio-bahia-concede-entrevista-e-revela-como-gerenciou-a-crise-da-greve-dos-professores\/","title":{"rendered":"Rog\u00e9rio Bahia concede entrevista e revela como gerenciou a crise da greve dos professores."},"content":{"rendered":"<p class=\"western\"><a href=\"http:\/\/www.maisbn.com\/portal\/wp-content\/uploads\/2017\/07\/17862773_1655443541140359_463126611800422952_n.jpg\"><img loading=\"lazy\" decoding=\"async\" class=\"wp-image-15489 alignleft\" src=\"http:\/\/www.maisbn.com\/portal\/wp-content\/uploads\/2017\/07\/17862773_1655443541140359_463126611800422952_n-846x900.jpg\" alt=\"17862773_1655443541140359_463126611800422952_n\" width=\"256\" height=\"273\" srcset=\"https:\/\/www.maisbn.com\/portal\/wp-content\/uploads\/2017\/07\/17862773_1655443541140359_463126611800422952_n-846x900.jpg 846w, https:\/\/www.maisbn.com\/portal\/wp-content\/uploads\/2017\/07\/17862773_1655443541140359_463126611800422952_n.jpg 902w\" sizes=\"auto, (max-width: 256px) 100vw, 256px\" \/><\/a><span style=\"color: #000000;\">Ele foi eleito por 265 votos pelo PC do B e figura como o mais jovem vereador em exerc\u00edcio no legislativo belmontense. Estamos falando de Rog\u00e9rio Bahia, formado em letras pela Universidade Estadual da Bahia (UNEB) e coordenador da APLB Sindicato em Belmonte, o mesmo come\u00e7ou sua carreira profissional em 2003 como professor na educa\u00e7\u00e3o do campo. Em 2009, Rog\u00e9rio passou no concurso municipal e se tornou professor efetivo. O vereador \u00e9 pai de Isabele e Luis Rog\u00e9rio e \u00e9 casado h\u00e1 13 anos com a Senhora Elis Carmem. Se revelando um Ex\u00edmio negociador, o mesmo, juntamente com os vereadores Alfredo Aberceb e Aelson Matos (Calango),\u00a0 participou da confec\u00e7\u00e3o do acordo entre o Prefeito Janival Borges e a APLB Sindicato que p\u00f4s fim a uma greve decretada pelos professores que j\u00e1 durava 15 dias e vinha causando revolta na popula\u00e7\u00e3o.<\/span><\/p>\n<p class=\"western\"><span style=\"color: #000000;\">\u00c0 nossa equipe o Vereador Rog\u00e9rio Bahia concedeu uma entrevista revelando as medidas que tomou durante a crise da greve dos professores, como est\u00e1 a sua rela\u00e7\u00e3o com o Prefeito Janival Borges e como vem sendo desenvolvidas as suas atividades no legislativo municipal. Confira logo abaixo:<\/span><\/p>\n<p class=\"western\"><span style=\"color: #000000;\"><span style=\"font-family: Arial,serif;\"><span style=\"color: #ff0000;\"><strong>+BN-<\/strong><\/span> No embate entre os professores e o Prefeito Janival Borges voc\u00ea participou diretamente, sendo que, voc\u00ea tem liga\u00e7\u00f5es com os dois lados do embate, onde em um voc\u00ea \u00e9 representante da APLB e no outro voc\u00ea \u00e9 vereador da base do governo. Como foi gerenciar essa situa\u00e7\u00e3o?<\/span><\/span><\/p>\n<p class=\"western\"><span style=\"color: #000000;\"><span style=\"font-family: Arial,serif;\"><strong>Rog\u00e9rio-<\/strong> <em>Para muitos, uma situa\u00e7\u00e3o indelicada, mas para mim, foi a oportunidade de mostrar para a comunidade<\/em><\/span><\/span> <span style=\"color: #000000;\"><span style=\"font-family: Arial,serif;\"><em>que mesmo sendo base do governo, podemos divergir sem a necessidade de escandalizar. Na fun\u00e7\u00e3o de vereador, tenho como uma das responsabilidades, levar as necessidades da comunidade ao executivo. Ser da base do governo n\u00e3o tira a minha responsabilidade de representatividade, pelo contr\u00e1rio, aumenta ainda mais. Nessa crise uma fun\u00e7\u00e3o n\u00e3o se misturou com a outra. Tive total liberdade para dialogar com os dois lados e mostrar que, com respeito \u00e0 comunidade, executivo e legislativo devem caminha juntos.<\/em><\/span><\/span><\/p>\n<div id=\"attachment_15491\" style=\"width: 385px\" class=\"wp-caption alignright\"><a href=\"http:\/\/www.maisbn.com\/portal\/wp-content\/uploads\/2017\/07\/18557192_1713564711994908_5429287313019501741_n.jpg\"><img loading=\"lazy\" decoding=\"async\" aria-describedby=\"caption-attachment-15491\" class=\"wp-image-15491\" src=\"http:\/\/www.maisbn.com\/portal\/wp-content\/uploads\/2017\/07\/18557192_1713564711994908_5429287313019501741_n.jpg\" alt=\"18557192_1713564711994908_5429287313019501741_n\" width=\"375\" height=\"211\" \/><\/a><p id=\"caption-attachment-15491\" class=\"wp-caption-text\"><em>Rodada de negocia\u00e7\u00f5es da APLB Sindicato e o Prefeito Janival Borges antes da greve.<\/em><\/p><\/div>\n<p class=\"western\"><span style=\"color: #000000;\"><span style=\"font-family: Arial,serif;\"><span style=\"color: #ff0000;\"><strong>+BN &#8211;<\/strong><\/span> Falando em rela\u00e7\u00e3o com o prefeito, esse embate que foi travado por 15 dias abalou essa aproxima\u00e7\u00e3o que voc\u00ea tem com o gestor?<\/span><\/span><\/p>\n<p class=\"western\"><span style=\"color: #000000;\"><span style=\"font-family: Arial,serif;\"><strong>Rog\u00e9rio &#8211;<\/strong> <em>De maneira alguma. O que existe entre mim e o gestor \u00e9 uma rela\u00e7\u00e3o de respeito rec\u00edproca. Estive lado a lado, sempre orientando, para mostrar e buscar a solu\u00e7\u00e3o para o embate que acontecia. Aquele era o momento de mostrarmos maturidade para solu\u00e7\u00e3o do problema. Divergir com respeito ao outro foi algo que aprendi na base familiar e n\u00e3o deixaria de me comportar igual. Se n\u00e3o fosse assim, eu n\u00e3o estaria na reuni\u00e3o que desenhou o acordo do reajuste dos professores e p\u00f4s fim \u00e0 greve.<\/em><\/span><\/span><\/p>\n<p class=\"western\"><span style=\"color: #000000;\"><span style=\"font-family: Arial,serif;\"><span style=\"color: #ff0000;\"><strong>+BN &#8211;<\/strong><\/span> Foi muito dif\u00edcil se chegar a esse acordo?<\/span><\/span><\/p>\n<p class=\"western\"><span style=\"color: #000000;\"><span style=\"font-family: Arial,serif;\"><strong>Rog\u00e9rio &#8211;<\/strong> <em>Foi um debate de interpreta\u00e7\u00f5es \u00e0 respeito de direitos e deveres das partes (Executivo\/Legislativo). O que fizemos foi sentar com o prefeito e mostrar o caminho para solu\u00e7\u00e3o do problema e as m\u00e1s consequ\u00eancias que a briga estava trazendo para a comunidade e para o governo. Uma solu\u00e7\u00e3o judicial podia demorar muito e trazer s\u00e9rios preju\u00edzos para os alunos. O que eu sempre deixei bem claro \u00e9 que a categoria n\u00e3o abriria m\u00e3o do reajuste do piso nacional. Depois de muita negocia\u00e7\u00e3o ficou acertado que ele reajustaria os sal\u00e1rios dos professores e depois negociar\u00edamos o pagamento do retroativo. A proposta foi apresentada \u00e0 categoria que tamb\u00e9m entendeu a gravidade da situa\u00e7\u00e3o e aceitou encerrar a greve. O que fizemos foi dividir as negocia\u00e7\u00f5es em etapas para poder ficar mais f\u00e1cil a conversa.<\/em><\/span><\/span><\/p>\n<div id=\"attachment_15378\" style=\"width: 395px\" class=\"wp-caption alignleft\"><a href=\"http:\/\/www.maisbn.com\/portal\/wp-content\/uploads\/2017\/06\/WhatsApp-Image-2017-06-30-at-14.43.18-e1498847144568.jpeg\"><img loading=\"lazy\" decoding=\"async\" aria-describedby=\"caption-attachment-15378\" class=\"wp-image-15378\" src=\"http:\/\/www.maisbn.com\/portal\/wp-content\/uploads\/2017\/06\/WhatsApp-Image-2017-06-30-at-14.43.18-1000x562.jpeg\" alt=\"WhatsApp Image 2017-06-30 at 14.43.18\" width=\"385\" height=\"216\" \/><\/a><p id=\"caption-attachment-15378\" class=\"wp-caption-text\"><em>Presidente da C\u00e2mara Aelson Matos (Calango), Vice-presidente Alfredo Abecerb, Vereador e representante da APLB Sindicato Rog\u00e9rio Bahia e o Prefeito Janival Borges exibindo o acordo que p\u00f4s fim \u00e0 greve dos professores.<\/em><\/p><\/div>\n<p class=\"western\"><span style=\"color: #000000;\"><span style=\"font-family: Arial,serif;\"><span style=\"color: #ff0000;\"><strong>+BN &#8211;<\/strong><\/span> Voc\u00ea foi criticado por alguns professores de n\u00e3o ter aparecido nas \u00faltimas manifesta\u00e7\u00f5es. Como voc\u00ea responde a essas cr\u00edticas?<\/span><\/span><\/p>\n<p class=\"western\"><span style=\"color: #000000;\"><span style=\"font-family: Arial,serif;\"><strong>Rog\u00e9rio \u2013<\/strong> <em>Estive participando das manifesta\u00e7\u00f5es e mobiliza\u00e7\u00f5es ligadas a APLB-Sindicato. A minha preocupa\u00e7\u00e3o em n\u00e3o participar de outras manifesta\u00e7\u00f5es, era bem simples: <strong>Eu n\u00e3o queria me aproveitar do momento e tirar proveito pol\u00edtico da situa\u00e7\u00e3o. <\/strong>Por isso, preferi estar com a APLB-Sindicato e nos bastidores buscar a solu\u00e7\u00e3o. Eu respeito os colegas vereadores que foram para as ruas junto com os manifestantes, mas eu queria a solu\u00e7\u00e3o do problema e preferi agir nos bastidores como o aux\u00edlio dos vereadores Calango e Alfredo. Talvez, se n\u00e3o tivesse havido esse discernimento, a greve estaria acontecendo at\u00e9 hoje. Imagine se n\u00f3s tr\u00eas tiv\u00e9ssemos ido para a rua e declarado guerra ao prefeito. O que aconteceria era um acirramento do conflito existente, as rela\u00e7\u00f5es entre os poderes executivo e legislativo seriam afetadas, come\u00e7aria uma guerra desproporcional com mais a\u00e7\u00f5es judiciais e o povo \u00e9 que seria prejudicado. Um conflito desse s\u00f3 interessa a quem \u00e9 oposi\u00e7\u00e3o pol\u00edtica ao atual governo. Nesse momento foi preciso ter cabe\u00e7a fria e buscar uma solu\u00e7\u00e3o que fosse boa para todos.<\/em><\/span><\/span><\/p>\n<p class=\"western\"><span style=\"color: #000000;\"><span style=\"font-family: Arial,serif;\"><span style=\"color: #ff0000;\"><strong>+BN &#8211;<\/strong> <\/span>Qual o pr\u00f3ximo passo desse acordo, agora?<\/span><\/span><\/p>\n<p class=\"western\"><span style=\"color: #000000;\"><span style=\"font-family: Arial,serif;\"><strong>Rog\u00e9rio &#8211;<\/strong> <em>Agora esperaremos a proposta do executivo constando a forma que vai se efetuar o pagamento do retroativo. Essa proposta vai ser apresentada \u00e0 categoria e recome\u00e7aremos as negocia\u00e7\u00f5es. O meu objetivo \u00e9 garantir os direitos dos professores e espero que a gente consiga chegar a um consenso e arrume uma solu\u00e7\u00e3o boa para os dois lados.<\/em><\/span><\/span><\/p>\n<div id=\"attachment_14296\" style=\"width: 367px\" class=\"wp-caption alignright\"><a href=\"http:\/\/www.maisbn.com\/portal\/wp-content\/uploads\/2017\/03\/movimeto_APLB008.jpg\"><img loading=\"lazy\" decoding=\"async\" aria-describedby=\"caption-attachment-14296\" class=\"wp-image-14296\" src=\"http:\/\/www.maisbn.com\/portal\/wp-content\/uploads\/2017\/03\/movimeto_APLB008.jpg\" alt=\"movimeto_aplb008\" width=\"357\" height=\"226\" \/><\/a><p id=\"caption-attachment-14296\" class=\"wp-caption-text\"><em>Vereador Rogerio Bahia em manifesta\u00e7\u00e3o promovida pela APLB Sindicato.<\/em><\/p><\/div>\n<p class=\"western\"><span style=\"color: #000000;\"><span style=\"font-family: Arial,serif;\"><span style=\"color: #ff0000;\"><strong>+BN &#8211;<\/strong><\/span> Recentemente o Prefeito Janival Borges deu uma declara\u00e7\u00e3o de que o aumento dos professores geraria um alto custo para o munic\u00edpio e que a gest\u00e3o teria que demitir para cobrir um rombo nas contas de R$ 100.000,00. Nessa mesma declara\u00e7\u00e3o ele comentou que participou \u00e0 APLB essa situa\u00e7\u00e3o e que a comiss\u00e3o que estava negociando respondeu que a responsabilidade da mesma era com os efetivos e n\u00e3o funcion\u00e1rios contratados. Qual a sua opini\u00e3o sobre essa declara\u00e7\u00e3o?<\/span><\/span><\/p>\n<p class=\"western\"><span style=\"color: #000000;\"><span style=\"font-family: Arial,serif;\"><strong>Rog\u00e9rio \u2013<\/strong> <em>Defendemos direitos de trabalhadores filiados, independente de ser contratado ou efetivo. Est\u00e1vamos cobrando o que nos \u00e9 de direito e garantido por Lei Federal. A responsabilidade de contratar ou demitir n\u00e3o \u00e9 e nunca ser\u00e1 da classe trabalhadora. Acreditamos que o que houve foram m\u00e1s interpreta\u00e7\u00f5es. Acredito ser um caso j\u00e1 superado. O que importa agora \u00e9 que as aulas j\u00e1 come\u00e7aram e que, em breve, teremos uma defini\u00e7\u00e3o dos pagamentos do retroativo.<\/em><\/span><\/span><\/p>\n<p class=\"western\"><span style=\"color: #000000;\"><span style=\"font-family: Arial,serif;\"><span style=\"color: #ff0000;\"><strong>+BN &#8211;<\/strong><\/span> Finalizando a nossa conversa. O que podemos esperar do Vereador Rog\u00e9rio dentro da C\u00e2mara de Vereadores?<\/span><\/span><\/p>\n<p class=\"western\"><span style=\"color: #000000;\"><span style=\"font-family: Arial,serif;\"><strong>Rog\u00e9rio &#8211;<\/strong> <em>Voc\u00eas v\u00e3o ter um vereador extremamente dedicado \u00e0s quest\u00f5es da comunidade. Um vereador que pretende agir junto ao executivo para trazer a cada dia mais melhorias para a nossa cidade. J\u00e1 tenho alguns projetos de lei sendo elaborados que influir\u00e3o positivamente no cotidiano da cidade. Pretendo apresentar esses projetos para a popula\u00e7\u00e3o e coloca-los em vota\u00e7\u00e3o logo ap\u00f3s o per\u00edodo de recesso. Finalizo firmando o compromisso de que a popula\u00e7\u00e3o ter\u00e1 um representante consciente da sua responsabilidade, que saber\u00e1 apoiar as iniciativas corretas do executivo e que n\u00e3o baixar\u00e1 a cabe\u00e7a na hora de defender e proteger os interesses dos belmontenses.<\/em><\/span><\/span><\/p>\n","protected":false},"excerpt":{"rendered":"<p>Ele foi eleito por 265 votos pelo PC do B e figura como o mais jovem vereador em exerc\u00edcio no legislativo belmontense. Estamos falando de Rog\u00e9rio Bahia, formado em letras pela Universidade Estadual da Bahia (UNEB) e coordenador da APLB Sindicato em Belmonte, o mesmo come\u00e7ou sua carreira profissional em 2003 como professor na educa\u00e7\u00e3o [&hellip;]<\/p>\n","protected":false},"author":7,"featured_media":15489,"comment_status":"open","ping_status":"open","sticky":false,"template":"","format":"standard","meta":{"footnotes":""},"categories":[45,1],"tags":[108],"class_list":["post-15485","post","type-post","status-publish","format-standard","has-post-thumbnail","hentry","category-cidades","category-noticias","tag-belmonte"],"_links":{"self":[{"href":"https:\/\/www.maisbn.com\/portal\/wp-json\/wp\/v2\/posts\/15485","targetHints":{"allow":["GET"]}}],"collection":[{"href":"https:\/\/www.maisbn.com\/portal\/wp-json\/wp\/v2\/posts"}],"about":[{"href":"https:\/\/www.maisbn.com\/portal\/wp-json\/wp\/v2\/types\/post"}],"author":[{"embeddable":true,"href":"https:\/\/www.maisbn.com\/portal\/wp-json\/wp\/v2\/users\/7"}],"replies":[{"embeddable":true,"href":"https:\/\/www.maisbn.com\/portal\/wp-json\/wp\/v2\/comments?post=15485"}],"version-history":[{"count":7,"href":"https:\/\/www.maisbn.com\/portal\/wp-json\/wp\/v2\/posts\/15485\/revisions"}],"predecessor-version":[{"id":15496,"href":"https:\/\/www.maisbn.com\/portal\/wp-json\/wp\/v2\/posts\/15485\/revisions\/15496"}],"wp:featuredmedia":[{"embeddable":true,"href":"https:\/\/www.maisbn.com\/portal\/wp-json\/wp\/v2\/media\/15489"}],"wp:attachment":[{"href":"https:\/\/www.maisbn.com\/portal\/wp-json\/wp\/v2\/media?parent=15485"}],"wp:term":[{"taxonomy":"category","embeddable":true,"href":"https:\/\/www.maisbn.com\/portal\/wp-json\/wp\/v2\/categories?post=15485"},{"taxonomy":"post_tag","embeddable":true,"href":"https:\/\/www.maisbn.com\/portal\/wp-json\/wp\/v2\/tags?post=15485"}],"curies":[{"name":"wp","href":"https:\/\/api.w.org\/{rel}","templated":true}]}}