{"id":15477,"date":"2017-07-09T22:01:35","date_gmt":"2017-07-10T01:01:35","guid":{"rendered":"http:\/\/www.maisbn.com\/portal\/?p=15477"},"modified":"2017-07-09T22:01:35","modified_gmt":"2017-07-10T01:01:35","slug":"prefeito-janival-participa-da-recepcao-ao-governador-rui-costa-em-canavieiras","status":"publish","type":"post","link":"https:\/\/www.maisbn.com\/portal\/2017\/07\/prefeito-janival-participa-da-recepcao-ao-governador-rui-costa-em-canavieiras\/","title":{"rendered":"Prefeito Janival participa da recep\u00e7\u00e3o ao Governador Rui Costa em Canavieiras."},"content":{"rendered":"<p>Na manh\u00e3 desse domingo (09\/07) o Prefeito Janival Borges e uma comitiva composta pelo seu assistente Hermes e o Srs. Alexandre Haerter e Francisco Lopes, Secret\u00e1rios de Finan\u00e7as e Agricultura respectivamente, estiveram no munic\u00edpio de Canavieiras e participaram de v\u00e1rios eventos como a reinaugura\u00e7\u00e3o do aeroporto daquele munic\u00edpio, da inaugura\u00e7\u00e3o do posto da Pol\u00edcia Rodovi\u00e1ria Estadual, entrega de barracas de feira e da lavagem da escadaria da Igreja de S\u00e3o Boa Ventura. O gestor belmontense acompanhou todos esses eventos na companhia do Governador Rui Costa e sua comitiva.<\/p>\n<p><a href=\"http:\/\/www.maisbn.com\/portal\/wp-content\/uploads\/2017\/07\/janival_boaaventura00003.jpg\"><img loading=\"lazy\" decoding=\"async\" class=\"aligncenter size-full wp-image-15478\" src=\"http:\/\/www.maisbn.com\/portal\/wp-content\/uploads\/2017\/07\/janival_boaaventura00003.jpg\" alt=\"janival_boaaventura00003\" width=\"642\" height=\"412\" \/><\/a><\/p>\n<p>Aproveitando a oportunidade, o Prefeito cobrou mais uma vez a estrada Belmonte &#8211; Canavieiras, que tamb\u00e9m \u00e9 um sonho do Deputado J\u00e2nio Natal. Janival tamb\u00e9m reiterou os pleitos de emendas feitas em diversos minist\u00e9rios em conversa com o Senador Otto Alencar. Janival tamb\u00e9m conversou com o Sr. Jaques Wagner, Secret\u00e1rio Estadual de Desenvolvimento Econ\u00f4mico, e cobrou a\u00e7\u00f5es de apoio \u00e0s empresas que t\u00eam inten\u00e7\u00f5es de se instalar em Belmonte para a explora\u00e7\u00e3o de min\u00e9rios em Santa Maria Eterna. O gestor ainda conversou com o Sr. Jeandro Car sobre a promessa de instala\u00e7\u00e3o de uma f\u00e1brica de gelo para atender aos pescadores belmontenses. Janival ainda teve uma conversa com o Sr Marcus Cavalcante, Secret\u00e1rio Estadual de Infraestrutura e abordou o recapeamento da estrada Belmonte\/Cabr\u00e1lia. Por final, o Prefeito de Belmonte conseguiu conversar com o Coordenador de Aeroportos, o Sr. Jorge Farias, e pediu ao mesmo a recupera\u00e7\u00e3o e cercamento da pista do Aeroporto de Belmonte.<\/p>\n<p><a href=\"http:\/\/www.maisbn.com\/portal\/wp-content\/uploads\/2017\/07\/mosaico_janival_saoboaventura.jpg\"><img loading=\"lazy\" decoding=\"async\" class=\"aligncenter size-full wp-image-15479\" src=\"http:\/\/www.maisbn.com\/portal\/wp-content\/uploads\/2017\/07\/mosaico_janival_saoboaventura.jpg\" alt=\"mosaico_janival_saoboaventura\" width=\"700\" height=\"450\" \/><\/a><\/p>\n<p>O Prefeito Janival Borges comentou com nossa equipe que saiu muito satisfeito com o que ouviu dos seus pleitos e espera que todos sejam atendidos com brevidade. <em>&#8221; Continuaremos cobrando e buscando melhorias para Belmonte. O trabalho n\u00e3o para e tenho f\u00e9 que muita coisa boa vai acontecer.&#8221;<\/em> &#8211; Finalizou Janival.<\/p>\n<p><a href=\"http:\/\/www.maisbn.com\/portal\/wp-content\/uploads\/2017\/07\/janival_boaaventura00009.jpg\"><img loading=\"lazy\" decoding=\"async\" class=\"aligncenter size-full wp-image-15480\" src=\"http:\/\/www.maisbn.com\/portal\/wp-content\/uploads\/2017\/07\/janival_boaaventura00009.jpg\" alt=\"janival_boaaventura00009\" width=\"642\" height=\"412\" \/><\/a><\/p>\n<p>O deputado Janio Natal n\u00e3o p\u00f4de estar presente a este evento por se encontrar no oeste da Bahia cumprindo agenda de trabalho naquela regi\u00e3o.<\/p>\n","protected":false},"excerpt":{"rendered":"<p>Na manh\u00e3 desse domingo (09\/07) o Prefeito Janival Borges e uma comitiva composta pelo seu assistente Hermes e o Srs. Alexandre Haerter e Francisco Lopes, Secret\u00e1rios de Finan\u00e7as e Agricultura respectivamente, estiveram no munic\u00edpio de Canavieiras e participaram de v\u00e1rios eventos como a reinaugura\u00e7\u00e3o do aeroporto daquele munic\u00edpio, da inaugura\u00e7\u00e3o do posto da Pol\u00edcia Rodovi\u00e1ria [&hellip;]<\/p>\n","protected":false},"author":7,"featured_media":15478,"comment_status":"open","ping_status":"open","sticky":false,"template":"","format":"standard","meta":{"footnotes":""},"categories":[45,1],"tags":[108],"class_list":["post-15477","post","type-post","status-publish","format-standard","has-post-thumbnail","hentry","category-cidades","category-noticias","tag-belmonte"],"_links":{"self":[{"href":"https:\/\/www.maisbn.com\/portal\/wp-json\/wp\/v2\/posts\/15477","targetHints":{"allow":["GET"]}}],"collection":[{"href":"https:\/\/www.maisbn.com\/portal\/wp-json\/wp\/v2\/posts"}],"about":[{"href":"https:\/\/www.maisbn.com\/portal\/wp-json\/wp\/v2\/types\/post"}],"author":[{"embeddable":true,"href":"https:\/\/www.maisbn.com\/portal\/wp-json\/wp\/v2\/users\/7"}],"replies":[{"embeddable":true,"href":"https:\/\/www.maisbn.com\/portal\/wp-json\/wp\/v2\/comments?post=15477"}],"version-history":[{"count":1,"href":"https:\/\/www.maisbn.com\/portal\/wp-json\/wp\/v2\/posts\/15477\/revisions"}],"predecessor-version":[{"id":15481,"href":"https:\/\/www.maisbn.com\/portal\/wp-json\/wp\/v2\/posts\/15477\/revisions\/15481"}],"wp:featuredmedia":[{"embeddable":true,"href":"https:\/\/www.maisbn.com\/portal\/wp-json\/wp\/v2\/media\/15478"}],"wp:attachment":[{"href":"https:\/\/www.maisbn.com\/portal\/wp-json\/wp\/v2\/media?parent=15477"}],"wp:term":[{"taxonomy":"category","embeddable":true,"href":"https:\/\/www.maisbn.com\/portal\/wp-json\/wp\/v2\/categories?post=15477"},{"taxonomy":"post_tag","embeddable":true,"href":"https:\/\/www.maisbn.com\/portal\/wp-json\/wp\/v2\/tags?post=15477"}],"curies":[{"name":"wp","href":"https:\/\/api.w.org\/{rel}","templated":true}]}}