{"id":15474,"date":"2017-07-09T08:59:39","date_gmt":"2017-07-09T11:59:39","guid":{"rendered":"http:\/\/www.maisbn.com\/portal\/?p=15474"},"modified":"2017-07-09T08:59:39","modified_gmt":"2017-07-09T11:59:39","slug":"prefeitura-de-belmonte-realiza-demissoes-para-diminuir-impactos-na-folha-de-pagamento","status":"publish","type":"post","link":"https:\/\/www.maisbn.com\/portal\/2017\/07\/prefeitura-de-belmonte-realiza-demissoes-para-diminuir-impactos-na-folha-de-pagamento\/","title":{"rendered":"Prefeitura de Belmonte realiza demiss\u00f5es para diminuir impactos na folha de pagamento."},"content":{"rendered":"<p><a href=\"http:\/\/www.maisbn.com\/portal\/wp-content\/uploads\/2017\/07\/demissoes-jornalismo-1.jpg-e1499601217200.jpg\"><img loading=\"lazy\" decoding=\"async\" class=\"aligncenter size-full wp-image-15475\" src=\"http:\/\/www.maisbn.com\/portal\/wp-content\/uploads\/2017\/07\/demissoes-jornalismo-1.jpg-e1499601217200.jpg\" alt=\"demissoes-jornalismo-1.jpg\" width=\"700\" height=\"479\" \/><\/a><\/p>\n<p>A Prefeitura Municipal de Belmonte come\u00e7ou a promover demiss\u00f5es no quadro de funcion\u00e1rios contratados, como j\u00e1 havia sido avisado pelo Prefeito Janival Borges no \u00faltimo dia 03\/07. A gest\u00e3o atual alega que a medida serve para reduzir o impacto do custo da folha de pagamento e tentar compensar a queda de arrecada\u00e7\u00e3o municipal.<\/p>\n<p>Algumas pessoas ligadas ao setor de finan\u00e7as comentaram com nossa equipe que o Prefeito Janival Borges por muito tempo vinha segurando as demiss\u00f5es e que resistia \u00e0s recomenda\u00e7\u00f5es da sua equipe econ\u00f4mica que o alertava do excesso de funcion\u00e1rios. Segundo informa\u00e7\u00f5es, o quadro se agravou ainda mais com a concess\u00e3o do aumento dos professores que gerou um custo adicional de R$ 100.000,00 todo o m\u00eas. Tamb\u00e9m ir\u00e1 apertar as finan\u00e7as a reposi\u00e7\u00e3o inflacion\u00e1ria que ser\u00e1 paga aos funcionalismo municipal que ser\u00e1 de 6,5%. H\u00e1 o temor de que as contas da gest\u00e3o atual n\u00e3o sejam aprovadas no Tribunal de Contas dos Munic\u00edpios e que o Prefeito Janival Borges seja acionado pelo \u00f3rg\u00e3o por infringir os limites impostos pela Lei de Responsabilidade Fiscal. A folha de pagamento da atual gest\u00e3o est\u00e1 acima do limite prudencial de 54% da arrecada\u00e7\u00e3o municipal, como exige o Tribunal de contas . <em>&#8220;Todos esses reajustes tinham que ser efetuados. \u00c9 um direito do funcionalismo e tem que ser respeitado. O problema \u00e9 o efeito colateral das medidas. Houve um erro da administra\u00e7\u00e3o em n\u00e3o contar com essa situa\u00e7\u00e3o.&#8221;<\/em> &#8211; Comentou um especialista em finan\u00e7as que j\u00e1 prestou servi\u00e7o \u00e0 Prefeitura de Belmonte.<\/p>\n<p>Uma primeira lista de demitidos j\u00e1 est\u00e1 rolando nas redes sociais e vem sendo fruto de protestos contra o Prefeito Janival Borges. Tamb\u00e9m conseguimos a informa\u00e7\u00e3o de que um grande n\u00famero de pessoas v\u00eam recorrendo aos vereadores para tentar reaver os seus postos de trabalho. O com\u00e9rcio teme que as demiss\u00f5es afetem a economia da cidade e esperam que o quadro econ\u00f4mico do munic\u00edpio melhore o mais r\u00e1pido poss\u00edvel.<\/p>\n<p>&nbsp;<\/p>\n","protected":false},"excerpt":{"rendered":"<p>A Prefeitura Municipal de Belmonte come\u00e7ou a promover demiss\u00f5es no quadro de funcion\u00e1rios contratados, como j\u00e1 havia sido avisado pelo Prefeito Janival Borges no \u00faltimo dia 03\/07. A gest\u00e3o atual alega que a medida serve para reduzir o impacto do custo da folha de pagamento e tentar compensar a queda de arrecada\u00e7\u00e3o municipal. Algumas pessoas [&hellip;]<\/p>\n","protected":false},"author":7,"featured_media":15475,"comment_status":"open","ping_status":"open","sticky":false,"template":"","format":"standard","meta":{"footnotes":""},"categories":[45,1],"tags":[108],"class_list":["post-15474","post","type-post","status-publish","format-standard","has-post-thumbnail","hentry","category-cidades","category-noticias","tag-belmonte"],"_links":{"self":[{"href":"https:\/\/www.maisbn.com\/portal\/wp-json\/wp\/v2\/posts\/15474","targetHints":{"allow":["GET"]}}],"collection":[{"href":"https:\/\/www.maisbn.com\/portal\/wp-json\/wp\/v2\/posts"}],"about":[{"href":"https:\/\/www.maisbn.com\/portal\/wp-json\/wp\/v2\/types\/post"}],"author":[{"embeddable":true,"href":"https:\/\/www.maisbn.com\/portal\/wp-json\/wp\/v2\/users\/7"}],"replies":[{"embeddable":true,"href":"https:\/\/www.maisbn.com\/portal\/wp-json\/wp\/v2\/comments?post=15474"}],"version-history":[{"count":1,"href":"https:\/\/www.maisbn.com\/portal\/wp-json\/wp\/v2\/posts\/15474\/revisions"}],"predecessor-version":[{"id":15476,"href":"https:\/\/www.maisbn.com\/portal\/wp-json\/wp\/v2\/posts\/15474\/revisions\/15476"}],"wp:featuredmedia":[{"embeddable":true,"href":"https:\/\/www.maisbn.com\/portal\/wp-json\/wp\/v2\/media\/15475"}],"wp:attachment":[{"href":"https:\/\/www.maisbn.com\/portal\/wp-json\/wp\/v2\/media?parent=15474"}],"wp:term":[{"taxonomy":"category","embeddable":true,"href":"https:\/\/www.maisbn.com\/portal\/wp-json\/wp\/v2\/categories?post=15474"},{"taxonomy":"post_tag","embeddable":true,"href":"https:\/\/www.maisbn.com\/portal\/wp-json\/wp\/v2\/tags?post=15474"}],"curies":[{"name":"wp","href":"https:\/\/api.w.org\/{rel}","templated":true}]}}