{"id":15451,"date":"2017-07-06T15:34:59","date_gmt":"2017-07-06T18:34:59","guid":{"rendered":"http:\/\/www.maisbn.com\/portal\/?p=15451"},"modified":"2017-07-06T15:34:59","modified_gmt":"2017-07-06T18:34:59","slug":"presidente-da-camara-envia-projeto-de-lei-do-reajuste-dos-professores-para-sancao-do-executivo","status":"publish","type":"post","link":"https:\/\/www.maisbn.com\/portal\/2017\/07\/presidente-da-camara-envia-projeto-de-lei-do-reajuste-dos-professores-para-sancao-do-executivo\/","title":{"rendered":"Presidente da C\u00e2mara envia projeto de lei do reajuste dos professores para san\u00e7\u00e3o do executivo."},"content":{"rendered":"<p><a href=\"http:\/\/www.maisbn.com\/portal\/wp-content\/uploads\/2017\/02\/vereador_calango002.jpg\"><img loading=\"lazy\" decoding=\"async\" class=\"aligncenter size-full wp-image-13894\" src=\"http:\/\/www.maisbn.com\/portal\/wp-content\/uploads\/2017\/02\/vereador_calango002.jpg\" alt=\"vereador_calango002\" width=\"650\" height=\"412\" \/><\/a><\/p>\n<p>O presidente da C\u00e2mara de Vereadores de Belmonte, Aelson Matos, se reuniu com prefeito Janival Borges na manh\u00e3 dessa quinta-feira (06\/07)\u00a0 para entregar o Projeto de Lei de n\u00ba 16 de 03 de julho de 2017 aprovado pela C\u00e2mara em sess\u00e3o extraordin\u00e1ria realizada na quarta-feira (05\/07). O projeto reajusta o piso salarial profissional do Magist\u00e9rio da Educa\u00e7\u00e3o B\u00e1sica do Munic\u00edpio de Belmonte, nos termos da Lei Federal de n.\u00ba 11.738 de 16 de julho de 2008 e das outras provid\u00eancias.<\/p>\n<div id=\"attachment_15452\" style=\"width: 710px\" class=\"wp-caption aligncenter\"><a href=\"http:\/\/www.maisbn.com\/portal\/wp-content\/uploads\/2017\/07\/mosaico_projetodeleiprofessores.jpg\"><img loading=\"lazy\" decoding=\"async\" aria-describedby=\"caption-attachment-15452\" class=\"wp-image-15452 size-full\" src=\"http:\/\/www.maisbn.com\/portal\/wp-content\/uploads\/2017\/07\/mosaico_projetodeleiprofessores.jpg\" alt=\"mosaico_projetodeleiprofessores\" width=\"700\" height=\"483\" \/><\/a><p id=\"caption-attachment-15452\" class=\"wp-caption-text\">Projeto de Lei recebido pelo Prefeito Janival Borges.<\/p><\/div>\n<p>Com o ato o Presidente Aelson Matos (Calango) cumpre mais uma promessa feita pelo Legislativo de agilizar ao m\u00e1ximo o projeto de lei, dando condi\u00e7\u00f5es para que o reajuste caia na conta dos professores o mais r\u00e1pido poss\u00edvel. &#8220;At\u00e9 que enfim finalizamos essa grande luta e com um resultado que foi bom para todos. Queria agradecer aos Vice-presidente Alfredo e ao Vereador e representante dos professores Rog\u00e9rio Bahia por me ajudar a sentar com o prefeito e nos unirmos para dar fim a esse conflito que estava prejudicando os jovens belmontenses. Tamb\u00e9m quero agradecer ao bom senso do Prefeito Janival Borges que nos tratou muito bem e estar se esfor\u00e7ando para cumprir o acordo, mesmo com as contas do munic\u00edpio sofrendo dias dif\u00edceis. Todos n\u00f3s ganhamos com esse projeto. Venceu a democracia e o respeito.&#8221; &#8211; Finalizou o Presidente Aelson Matos (Calango).<\/p>\n","protected":false},"excerpt":{"rendered":"<p>O presidente da C\u00e2mara de Vereadores de Belmonte, Aelson Matos, se reuniu com prefeito Janival Borges na manh\u00e3 dessa quinta-feira (06\/07)\u00a0 para entregar o Projeto de Lei de n\u00ba 16 de 03 de julho de 2017 aprovado pela C\u00e2mara em sess\u00e3o extraordin\u00e1ria realizada na quarta-feira (05\/07). O projeto reajusta o piso salarial profissional do Magist\u00e9rio [&hellip;]<\/p>\n","protected":false},"author":7,"featured_media":13894,"comment_status":"open","ping_status":"open","sticky":false,"template":"","format":"standard","meta":{"footnotes":""},"categories":[8,1],"tags":[108],"class_list":["post-15451","post","type-post","status-publish","format-standard","has-post-thumbnail","hentry","category-educacao","category-noticias","tag-belmonte"],"_links":{"self":[{"href":"https:\/\/www.maisbn.com\/portal\/wp-json\/wp\/v2\/posts\/15451","targetHints":{"allow":["GET"]}}],"collection":[{"href":"https:\/\/www.maisbn.com\/portal\/wp-json\/wp\/v2\/posts"}],"about":[{"href":"https:\/\/www.maisbn.com\/portal\/wp-json\/wp\/v2\/types\/post"}],"author":[{"embeddable":true,"href":"https:\/\/www.maisbn.com\/portal\/wp-json\/wp\/v2\/users\/7"}],"replies":[{"embeddable":true,"href":"https:\/\/www.maisbn.com\/portal\/wp-json\/wp\/v2\/comments?post=15451"}],"version-history":[{"count":1,"href":"https:\/\/www.maisbn.com\/portal\/wp-json\/wp\/v2\/posts\/15451\/revisions"}],"predecessor-version":[{"id":15453,"href":"https:\/\/www.maisbn.com\/portal\/wp-json\/wp\/v2\/posts\/15451\/revisions\/15453"}],"wp:featuredmedia":[{"embeddable":true,"href":"https:\/\/www.maisbn.com\/portal\/wp-json\/wp\/v2\/media\/13894"}],"wp:attachment":[{"href":"https:\/\/www.maisbn.com\/portal\/wp-json\/wp\/v2\/media?parent=15451"}],"wp:term":[{"taxonomy":"category","embeddable":true,"href":"https:\/\/www.maisbn.com\/portal\/wp-json\/wp\/v2\/categories?post=15451"},{"taxonomy":"post_tag","embeddable":true,"href":"https:\/\/www.maisbn.com\/portal\/wp-json\/wp\/v2\/tags?post=15451"}],"curies":[{"name":"wp","href":"https:\/\/api.w.org\/{rel}","templated":true}]}}