{"id":15442,"date":"2017-07-06T14:18:37","date_gmt":"2017-07-06T17:18:37","guid":{"rendered":"http:\/\/www.maisbn.com\/portal\/?p=15442"},"modified":"2017-07-06T14:57:34","modified_gmt":"2017-07-06T17:57:34","slug":"03-criancas-atingidas-por-fio-de-alta-tensao-em-barrolandia-serao-transferidas-para-salvador","status":"publish","type":"post","link":"https:\/\/www.maisbn.com\/portal\/2017\/07\/03-criancas-atingidas-por-fio-de-alta-tensao-em-barrolandia-serao-transferidas-para-salvador\/","title":{"rendered":"03 Crian\u00e7as atingidas por fio de alta tens\u00e3o em Barrol\u00e2ndia ser\u00e3o transferidas para Salvador."},"content":{"rendered":"<p><a href=\"http:\/\/www.maisbn.com\/portal\/wp-content\/uploads\/2017\/07\/fio_alta_tens\u00e3o2100001.jpg\"><img loading=\"lazy\" decoding=\"async\" class=\"aligncenter wp-image-15446 size-full\" src=\"http:\/\/www.maisbn.com\/portal\/wp-content\/uploads\/2017\/07\/fio_alta_tens\u00e3o2100001.jpg\" alt=\"\" width=\"642\" height=\"412\" \/><\/a><\/p>\n<p>Tr\u00eas crian\u00e7as que foram atingidas pela queda de um fio de alta tens\u00e3o no distrito de Barrol\u00e2ndia ainda continuam na UTI do Hospital Regional de Eun\u00e1polis. As \u00faltimas informa\u00e7\u00f5es constam que as v\u00edtimas ser\u00e3o transferidas na tarde dessa quinta-feira (06\/07) por uma unidade do SAMU para o aeroporto de Porto Seguro onde ser\u00e3o transportadas de avi\u00e3o para Salvador. A Sr\u00aa Cintya, Diretora do Hospital de Barrol\u00e2ndia que est\u00e1 acompanhando as crian\u00e7as, informou que as tr\u00eas v\u00edtimas est\u00e3o estabilizadas e que ser\u00e3o transferidas para capital pelo motivo de maiores recursos m\u00e9dicos para o tratamento. &#8220;As crian\u00e7as n\u00e3o correm risco de morte, mas sofreram queimaduras de terceiro grau e a descarga el\u00e9trica afetou \u00f3rg\u00e3os internos. \u00c9 preciso ir para Salvador porque l\u00e1 as mesmas ter\u00e3o um melhor acompanhamento e mais chances de reduzir as sequelas que possam ser deixadas pelo acidente&#8221; &#8211; Informou Cintya.<\/p>\n<p><a href=\"http:\/\/www.maisbn.com\/portal\/wp-content\/uploads\/2017\/07\/mosaico_vitimasautatensao.jpg\"><img loading=\"lazy\" decoding=\"async\" class=\"aligncenter size-full wp-image-15449\" src=\"http:\/\/www.maisbn.com\/portal\/wp-content\/uploads\/2017\/07\/mosaico_vitimasautatensao.jpg\" alt=\"mosaico_vitimasautatensao\" width=\"700\" height=\"483\" \/><\/a><\/p>\n<p>As crian\u00e7as e seus familiares est\u00e3o recebendo total apoio da Secretaria Municipal de Sa\u00fade de Belmonte e o tratamento est\u00e1 sendo inteiramente bancado pela COELBA que informou em nota que tamb\u00e9m est\u00e1 dando total assist\u00eancias \u00e0s fam\u00edlias.<\/p>\n<p><strong>Entenda o caso.<\/strong><\/p>\n<p>Um fio de alta tens\u00e3o caiu na frente do Col\u00e9gio Municipal ACM em Barrol\u00e2ndia e atingiu 04 crian\u00e7as no final da manh\u00e3 da \u00faltima quarta-feira (05\/07) que estavam pr\u00f3ximos \u00e0 unidade escolar.\u00a0 Uma das crian\u00e7as sofreu graves queimaduras causadas pela alta tens\u00e3o. As outras tr\u00eas ficaram presas aos fios. Todas as v\u00edtimas foram socorridas para o Hospital de Barrol\u00e2ndia, da onde foram transferidas em uma U.T.I\u00a0 m\u00f3vel da Veracel para o Hospital Regional de Eun\u00e1polis.<\/p>\n<p><a href=\"http:\/\/www.maisbn.com\/portal\/wp-content\/uploads\/2017\/07\/fio_alta_tens\u00e3o200001.jpg\"><img loading=\"lazy\" decoding=\"async\" class=\"aligncenter size-full wp-image-15444\" src=\"http:\/\/www.maisbn.com\/portal\/wp-content\/uploads\/2017\/07\/fio_alta_tens\u00e3o200001.jpg\" alt=\"fio_alta_tens\u00e3o200001\" width=\"642\" height=\"412\" \/><\/a><\/p>\n<p>O fio de alta tens\u00e3o se soltou bem na hora que funcion\u00e1rios da Coelba estavam fazendo reparos na rede. Moradores que estavam no local se revoltaram com os t\u00e9cnicos da empresa e foi preciso a interven\u00e7\u00e3o da Pol\u00edcia Militar para resguardar a integridade f\u00edsica dos mesmos.<\/p>\n","protected":false},"excerpt":{"rendered":"<p>Tr\u00eas crian\u00e7as que foram atingidas pela queda de um fio de alta tens\u00e3o no distrito de Barrol\u00e2ndia ainda continuam na UTI do Hospital Regional de Eun\u00e1polis. As \u00faltimas informa\u00e7\u00f5es constam que as v\u00edtimas ser\u00e3o transferidas na tarde dessa quinta-feira (06\/07) por uma unidade do SAMU para o aeroporto de Porto Seguro onde ser\u00e3o transportadas de [&hellip;]<\/p>\n","protected":false},"author":7,"featured_media":15446,"comment_status":"open","ping_status":"open","sticky":false,"template":"","format":"standard","meta":{"footnotes":""},"categories":[45,1],"tags":[108],"class_list":["post-15442","post","type-post","status-publish","format-standard","has-post-thumbnail","hentry","category-cidades","category-noticias","tag-belmonte"],"_links":{"self":[{"href":"https:\/\/www.maisbn.com\/portal\/wp-json\/wp\/v2\/posts\/15442","targetHints":{"allow":["GET"]}}],"collection":[{"href":"https:\/\/www.maisbn.com\/portal\/wp-json\/wp\/v2\/posts"}],"about":[{"href":"https:\/\/www.maisbn.com\/portal\/wp-json\/wp\/v2\/types\/post"}],"author":[{"embeddable":true,"href":"https:\/\/www.maisbn.com\/portal\/wp-json\/wp\/v2\/users\/7"}],"replies":[{"embeddable":true,"href":"https:\/\/www.maisbn.com\/portal\/wp-json\/wp\/v2\/comments?post=15442"}],"version-history":[{"count":4,"href":"https:\/\/www.maisbn.com\/portal\/wp-json\/wp\/v2\/posts\/15442\/revisions"}],"predecessor-version":[{"id":15450,"href":"https:\/\/www.maisbn.com\/portal\/wp-json\/wp\/v2\/posts\/15442\/revisions\/15450"}],"wp:featuredmedia":[{"embeddable":true,"href":"https:\/\/www.maisbn.com\/portal\/wp-json\/wp\/v2\/media\/15446"}],"wp:attachment":[{"href":"https:\/\/www.maisbn.com\/portal\/wp-json\/wp\/v2\/media?parent=15442"}],"wp:term":[{"taxonomy":"category","embeddable":true,"href":"https:\/\/www.maisbn.com\/portal\/wp-json\/wp\/v2\/categories?post=15442"},{"taxonomy":"post_tag","embeddable":true,"href":"https:\/\/www.maisbn.com\/portal\/wp-json\/wp\/v2\/tags?post=15442"}],"curies":[{"name":"wp","href":"https:\/\/api.w.org\/{rel}","templated":true}]}}