{"id":15393,"date":"2017-07-03T11:07:28","date_gmt":"2017-07-03T14:07:28","guid":{"rendered":"http:\/\/www.maisbn.com\/portal\/?p=15393"},"modified":"2017-07-03T11:07:28","modified_gmt":"2017-07-03T14:07:28","slug":"prefeito-de-belmonte-revela-que-tera-de-demitir-para-pagar-reajuste-a-professores","status":"publish","type":"post","link":"https:\/\/www.maisbn.com\/portal\/2017\/07\/prefeito-de-belmonte-revela-que-tera-de-demitir-para-pagar-reajuste-a-professores\/","title":{"rendered":"Prefeito de Belmonte revela que ter\u00e1 de demitir para pagar reajuste a professores."},"content":{"rendered":"<p><a href=\"http:\/\/www.maisbn.com\/portal\/wp-content\/uploads\/2017\/07\/festadosgaris_00104.jpg\"><img loading=\"lazy\" decoding=\"async\" class=\"aligncenter size-full wp-image-15390\" src=\"http:\/\/www.maisbn.com\/portal\/wp-content\/uploads\/2017\/07\/festadosgaris_00104.jpg\" alt=\"festadosgaris_00104\" width=\"650\" height=\"412\" \/><\/a><\/p>\n<p>O Prefeito Janival Borges nesse s\u00e1bado (03\/07), durante o almo\u00e7o em homenagem aos garis, comentou sobre a greve por tempo indeterminado realizada pelos professores e sobre o acordo fechado na \u00faltima sexta-feira (30\/06) tratando do pagamento do reajuste de 7,64% exigido pela categoria.<\/p>\n<p>O prefeito comentou com todos que o fechamento do acordo gerou uma despesa extra em torno de R$ 100.000,00 mensais na folha de pagamento e que est\u00e1 tendo dificuldades para conseguir incluir esse montante nas contas a pagar da prefeitura. O gestor belmontense ainda revelou que n\u00e3o descarta a demiss\u00e3o de funcion\u00e1rios contratados e um aperto maior nos gastos para conseguir cumprir com os par\u00e2metros da Lei de Responsabilidade Fiscal. Ainda em seu depoimento, o mesmo colocou que abordou o caso com a APLB e que a dire\u00e7\u00e3o do sindicato comunicou que a sua preocupa\u00e7\u00e3o era apenas com os professores efetivos do munic\u00edpio. &#8220;Um professor no munic\u00edpio de Belmonte ganha de R$ 3.500,00 a R$ 6.000,00. Eu estou preocupado com a quest\u00e3o social das fam\u00edlias dos contratados que dependem desse sal\u00e1rio para viver.&#8221; &#8211; Comentou o Prefeito.<\/p>\n<p>O coordenador do n\u00facleo da APLB em Belmonte, o Sr. Igor Suzart, comentou que ouviu o \u00e1udio da declara\u00e7\u00e3o do prefeito e revelou que o mesmo est\u00e1 se equivocando com rela\u00e7\u00e3o aos objetivos da entidade. Segundo Igor, a quest\u00e3o de gastos altos da folha de pagamento \u00e9 uma quest\u00e3o da gest\u00e3o municipal e que a APLB luta apenas pelo direito dos professores. <em>&#8220;Nunca pedimos para demitir ningu\u00e9m. Eu j\u00e1 fui contratado, tenho muito orgulho disso e nunca cheguei na frente do gestor e pedi para demitir funcion\u00e1rio algum. Acredito que, se o gestor est\u00e1 dizendo isso, \u00e9 porque o mesmo est\u00e1 tentando fazer uma massa manobra para se defender e arrumar alguma desculpa para demitir porque inchou demais a folha. O sindicato n\u00e3o prejudica trabalhador, ele luta pelos direitos dos trabalhadores.&#8221;<\/em> &#8211; Finalizou Igor Suzart.<\/p>\n<p>A Assembleia que poder\u00e1 decidir pelo fim da greve por tempo indeterminado dos professores dever\u00e1 acontecer na tarde dessa segunda-feira (03\/07). A APLB apresentar\u00e1 o acordo proposto pelo prefeito \u00e0 categoria e a mesma dever\u00e1 analisar e decidir se voltar\u00e3o para as salas de aula j\u00e1 nessa ter\u00e7a-feira (04\/07).<\/p>\n","protected":false},"excerpt":{"rendered":"<p>O Prefeito Janival Borges nesse s\u00e1bado (03\/07), durante o almo\u00e7o em homenagem aos garis, comentou sobre a greve por tempo indeterminado realizada pelos professores e sobre o acordo fechado na \u00faltima sexta-feira (30\/06) tratando do pagamento do reajuste de 7,64% exigido pela categoria. O prefeito comentou com todos que o fechamento do acordo gerou uma [&hellip;]<\/p>\n","protected":false},"author":7,"featured_media":15390,"comment_status":"open","ping_status":"open","sticky":false,"template":"","format":"standard","meta":{"footnotes":""},"categories":[45,1],"tags":[108],"class_list":["post-15393","post","type-post","status-publish","format-standard","has-post-thumbnail","hentry","category-cidades","category-noticias","tag-belmonte"],"_links":{"self":[{"href":"https:\/\/www.maisbn.com\/portal\/wp-json\/wp\/v2\/posts\/15393","targetHints":{"allow":["GET"]}}],"collection":[{"href":"https:\/\/www.maisbn.com\/portal\/wp-json\/wp\/v2\/posts"}],"about":[{"href":"https:\/\/www.maisbn.com\/portal\/wp-json\/wp\/v2\/types\/post"}],"author":[{"embeddable":true,"href":"https:\/\/www.maisbn.com\/portal\/wp-json\/wp\/v2\/users\/7"}],"replies":[{"embeddable":true,"href":"https:\/\/www.maisbn.com\/portal\/wp-json\/wp\/v2\/comments?post=15393"}],"version-history":[{"count":1,"href":"https:\/\/www.maisbn.com\/portal\/wp-json\/wp\/v2\/posts\/15393\/revisions"}],"predecessor-version":[{"id":15394,"href":"https:\/\/www.maisbn.com\/portal\/wp-json\/wp\/v2\/posts\/15393\/revisions\/15394"}],"wp:featuredmedia":[{"embeddable":true,"href":"https:\/\/www.maisbn.com\/portal\/wp-json\/wp\/v2\/media\/15390"}],"wp:attachment":[{"href":"https:\/\/www.maisbn.com\/portal\/wp-json\/wp\/v2\/media?parent=15393"}],"wp:term":[{"taxonomy":"category","embeddable":true,"href":"https:\/\/www.maisbn.com\/portal\/wp-json\/wp\/v2\/categories?post=15393"},{"taxonomy":"post_tag","embeddable":true,"href":"https:\/\/www.maisbn.com\/portal\/wp-json\/wp\/v2\/tags?post=15393"}],"curies":[{"name":"wp","href":"https:\/\/api.w.org\/{rel}","templated":true}]}}