{"id":15376,"date":"2017-06-30T15:36:54","date_gmt":"2017-06-30T18:36:54","guid":{"rendered":"http:\/\/www.maisbn.com\/portal\/?p=15376"},"modified":"2017-06-30T18:13:02","modified_gmt":"2017-06-30T21:13:02","slug":"greve-geral-dos-professores-de-belmonte-deve-chegar-ao-fim-apos-assinatura-de-um-acordo-entre-as-partes","status":"publish","type":"post","link":"https:\/\/www.maisbn.com\/portal\/2017\/06\/greve-geral-dos-professores-de-belmonte-deve-chegar-ao-fim-apos-assinatura-de-um-acordo-entre-as-partes\/","title":{"rendered":"Greve geral dos professores de Belmonte deve chegar ao fim ap\u00f3s assinatura de um acordo entre as partes."},"content":{"rendered":"<p>Na tarde dessa sexta-feira (30\/06) o Presidente da C\u00e2mara de Vereadores Aelson Matos (Calango), o Vice-presidente Alfredo Aberceb e o Vereador e representante da APLB Rog\u00e9rio Bahia se reuniram com o Prefeito Janival Borges no intuito de por um fim no embate travado entre os professores e a gest\u00e3o municipal. Durante a reuni\u00e3o foi exposto pelo Presidente e Vice-presidente da C\u00e2mara as consequ\u00eancias negativas que a greve dos professores estava causando para a popula\u00e7\u00e3o. O Vereador Rog\u00e9rio Bahia aproveitou a oportunidade para deixar claro que \u00a0a inten\u00e7\u00e3o da APLB era negociar, que sabia dos problemas que a greve estava causando e que todos desejavam chegar a uma solu\u00e7\u00e3o amig\u00e1vel e por um fim ao problema.<\/p>\n<p><a href=\"http:\/\/www.maisbn.com\/portal\/wp-content\/uploads\/2017\/06\/WhatsApp-Image-2017-06-30-at-14.40.39-e1498847066867.jpeg\"><img loading=\"lazy\" decoding=\"async\" class=\"aligncenter wp-image-15377 size-full\" src=\"http:\/\/www.maisbn.com\/portal\/wp-content\/uploads\/2017\/06\/WhatsApp-Image-2017-06-30-at-14.40.39-e1498847066867.jpeg\" alt=\"WhatsApp Image 2017-06-30 at 14.40.39\" width=\"700\" height=\"525\" \/><\/a><\/p>\n<p>Depois de intensas conversas entre o Prefeito Janival Borges e os edis, foi desenhado um acordo considerado aceit\u00e1vel pelas duas partes. O gestor belmontense revelou que n\u00e3o est\u00e1 enfrentando uma condi\u00e7\u00e3o favor\u00e1vel com rela\u00e7\u00e3o \u00e0s finan\u00e7as municipais, mas que, o mais importante eram os jovens belmontenses e a popula\u00e7\u00e3o que estavam sofrendo com os problemas da greve.<\/p>\n<p><a href=\"http:\/\/www.maisbn.com\/portal\/wp-content\/uploads\/2017\/06\/WhatsApp-Image-2017-06-30-at-14.43.18-e1498847144568.jpeg\"><img loading=\"lazy\" decoding=\"async\" class=\"aligncenter wp-image-15378 size-full\" src=\"http:\/\/www.maisbn.com\/portal\/wp-content\/uploads\/2017\/06\/WhatsApp-Image-2017-06-30-at-14.43.18-e1498847144568.jpeg\" alt=\"WhatsApp Image 2017-06-30 at 14.43.18\" width=\"700\" height=\"393\" \/><\/a><\/p>\n<p>Ao final da reuni\u00e3o foi assinado um acordo entre as partes e as informa\u00e7\u00f5es dever\u00e3o \u00a0ser apresentadas em uma pr\u00f3xima assembleia com a categoria. Os vereadores e o Prefeito Janival Borges acreditam que os professores dever\u00e3o voltar ao trabalho na pr\u00f3xima semana e que as coisas dever\u00e3o voltar \u00e0 normalidade nos pr\u00f3ximos dias. O Presidente Aelson Matos (Calango) tamb\u00e9m colocou que o acordo assinado ser\u00e1 apresentado aos outros vereadores e que espera que essa grande crise que assolou Belmonte finalmente tenha um final e os alunos retornem \u00e0s aulas.<\/p>\n","protected":false},"excerpt":{"rendered":"<p>Na tarde dessa sexta-feira (30\/06) o Presidente da C\u00e2mara de Vereadores Aelson Matos (Calango), o Vice-presidente Alfredo Aberceb e o Vereador e representante da APLB Rog\u00e9rio Bahia se reuniram com o Prefeito Janival Borges no intuito de por um fim no embate travado entre os professores e a gest\u00e3o municipal. Durante a reuni\u00e3o foi exposto [&hellip;]<\/p>\n","protected":false},"author":7,"featured_media":15378,"comment_status":"open","ping_status":"open","sticky":false,"template":"","format":"standard","meta":{"footnotes":""},"categories":[45,1],"tags":[108],"class_list":["post-15376","post","type-post","status-publish","format-standard","has-post-thumbnail","hentry","category-cidades","category-noticias","tag-belmonte"],"_links":{"self":[{"href":"https:\/\/www.maisbn.com\/portal\/wp-json\/wp\/v2\/posts\/15376","targetHints":{"allow":["GET"]}}],"collection":[{"href":"https:\/\/www.maisbn.com\/portal\/wp-json\/wp\/v2\/posts"}],"about":[{"href":"https:\/\/www.maisbn.com\/portal\/wp-json\/wp\/v2\/types\/post"}],"author":[{"embeddable":true,"href":"https:\/\/www.maisbn.com\/portal\/wp-json\/wp\/v2\/users\/7"}],"replies":[{"embeddable":true,"href":"https:\/\/www.maisbn.com\/portal\/wp-json\/wp\/v2\/comments?post=15376"}],"version-history":[{"count":4,"href":"https:\/\/www.maisbn.com\/portal\/wp-json\/wp\/v2\/posts\/15376\/revisions"}],"predecessor-version":[{"id":15382,"href":"https:\/\/www.maisbn.com\/portal\/wp-json\/wp\/v2\/posts\/15376\/revisions\/15382"}],"wp:featuredmedia":[{"embeddable":true,"href":"https:\/\/www.maisbn.com\/portal\/wp-json\/wp\/v2\/media\/15378"}],"wp:attachment":[{"href":"https:\/\/www.maisbn.com\/portal\/wp-json\/wp\/v2\/media?parent=15376"}],"wp:term":[{"taxonomy":"category","embeddable":true,"href":"https:\/\/www.maisbn.com\/portal\/wp-json\/wp\/v2\/categories?post=15376"},{"taxonomy":"post_tag","embeddable":true,"href":"https:\/\/www.maisbn.com\/portal\/wp-json\/wp\/v2\/tags?post=15376"}],"curies":[{"name":"wp","href":"https:\/\/api.w.org\/{rel}","templated":true}]}}