{"id":15362,"date":"2017-06-29T20:49:50","date_gmt":"2017-06-29T23:49:50","guid":{"rendered":"http:\/\/www.maisbn.com\/portal\/?p=15362"},"modified":"2017-06-29T20:49:50","modified_gmt":"2017-06-29T23:49:50","slug":"populacao-de-barrolandia-se-manifesta-contra-ao-fechamento-da-ba-275-nas-redes-sociais","status":"publish","type":"post","link":"https:\/\/www.maisbn.com\/portal\/2017\/06\/populacao-de-barrolandia-se-manifesta-contra-ao-fechamento-da-ba-275-nas-redes-sociais\/","title":{"rendered":"Popula\u00e7\u00e3o de Barrol\u00e2ndia se manifesta contra ao fechamento da BA-275 nas redes sociais."},"content":{"rendered":"<p><a href=\"http:\/\/www.maisbn.com\/portal\/wp-content\/uploads\/2017\/06\/manifestacao_barrolandia00001.jpg\"><img loading=\"lazy\" decoding=\"async\" class=\"aligncenter size-full wp-image-15360\" src=\"http:\/\/www.maisbn.com\/portal\/wp-content\/uploads\/2017\/06\/manifestacao_barrolandia00001.jpg\" alt=\"manifestacao_barrolandia00001\" width=\"642\" height=\"412\" \/><\/a><\/p>\n<p>O an\u00fancio da manifesta\u00e7\u00e3o em solidariedade aos professores que est\u00e1 marcada para acontecer nessa sexta-feira (30\/06) em Barrol\u00e2ndia n\u00e3o foi bem visto por muitas pessoas e foi fruto de reclama\u00e7\u00f5es nas redes sociais. O motivo dos protestos foi que muitos internautas n\u00e3o concordaram com o fechamento da BA-275 porque a a\u00e7\u00e3o prejudicaria empresas e produtores rurais que usam a estrada para escoar os seus produtos, bem como, as pessoas que utilizam a via para trabalhar e se locomover, sendo que, todos esses prejudicados n\u00e3o tem culpa do cen\u00e1rio cr\u00edtico que vive a educa\u00e7\u00e3o belmontense. Outro item tamb\u00e9m apontado na reuni\u00e3o foi a situa\u00e7\u00e3o de for\u00e7ar a Veracel a interceder no conflito entre o gestor municipal e os professores. Os internautas fizeram duras cr\u00edticas \u00e0 ideia e defenderam que a crise na educa\u00e7\u00e3o n\u00e3o \u00e9 de compet\u00eancia da empresa. &#8220;Essa a\u00e7\u00e3o n\u00e3o tem nada haver. O que temos que fazer \u00e9 uma manifesta\u00e7\u00e3o pelas ruas e acampar na frente da Prefeitura de Belmonte. N\u00e3o podemos punir pessoas e empresas que n\u00e3o s\u00e3o as culpadas pela situa\u00e7\u00e3o. Temos que atingir o verdadeiro culpado que \u00e9 o Prefeito.&#8221; &#8211; Comentou uma internauta em um \u00e1udio mandado em um grupo de WhatsApp.<\/p>\n<div id=\"attachment_15363\" style=\"width: 710px\" class=\"wp-caption aligncenter\"><a href=\"http:\/\/www.maisbn.com\/portal\/wp-content\/uploads\/2017\/06\/mosaico_mensagens_contra_o_protesto.jpg\"><img loading=\"lazy\" decoding=\"async\" aria-describedby=\"caption-attachment-15363\" class=\"wp-image-15363 size-full\" src=\"http:\/\/www.maisbn.com\/portal\/wp-content\/uploads\/2017\/06\/mosaico_mensagens_contra_o_protesto.jpg\" alt=\"mosaico_mensagens_contra_o_protesto\" width=\"700\" height=\"450\" \/><\/a><p id=\"caption-attachment-15363\" class=\"wp-caption-text\">Mensagens rolando em grupos de WhatsApp.<\/p><\/div>\n<p>Os vereadores que participaram da reuni\u00e3o tamb\u00e9m foram muito criticados nas redes sociais. V\u00e1rios internautas cobraram uma a\u00e7\u00e3o mais efetiva dos edis com rela\u00e7\u00e3o ao Poder Executivo. &#8220;<em>Queremos que os vereadores sejam mais en\u00e9rgicos e que definam de que lado est\u00e3o nessa batalha. N\u00e3o d\u00e1 pra ficar encima do muro e jogando para a galera.&#8221;<\/em> &#8211; Criticou mais um internauta em outro \u00e1udio.<\/p>\n<p>Os organizadores do movimento n\u00e3o se manifestaram, mas diversas pessoas que conversaram com nossa equipe revelaram que as cr\u00edticas apresentadas podem desmotivar a participa\u00e7\u00e3o mais efetiva da popula\u00e7\u00e3o. Por enquanto o bloqueio da BA-275 est\u00e1 mantido e dever\u00e1 ter in\u00edcio \u00e0s 06:00Hrs da manh\u00e3 dessa sexta-feira (30\/06).<\/p>\n<p>&nbsp;<\/p>\n<p>&nbsp;<\/p>\n<p>&nbsp;<\/p>\n","protected":false},"excerpt":{"rendered":"<p>O an\u00fancio da manifesta\u00e7\u00e3o em solidariedade aos professores que est\u00e1 marcada para acontecer nessa sexta-feira (30\/06) em Barrol\u00e2ndia n\u00e3o foi bem visto por muitas pessoas e foi fruto de reclama\u00e7\u00f5es nas redes sociais. O motivo dos protestos foi que muitos internautas n\u00e3o concordaram com o fechamento da BA-275 porque a a\u00e7\u00e3o prejudicaria empresas e produtores [&hellip;]<\/p>\n","protected":false},"author":7,"featured_media":15363,"comment_status":"open","ping_status":"open","sticky":false,"template":"","format":"standard","meta":{"footnotes":""},"categories":[20,1],"tags":[108],"class_list":["post-15362","post","type-post","status-publish","format-standard","has-post-thumbnail","hentry","category-bahia","category-noticias","tag-belmonte"],"_links":{"self":[{"href":"https:\/\/www.maisbn.com\/portal\/wp-json\/wp\/v2\/posts\/15362","targetHints":{"allow":["GET"]}}],"collection":[{"href":"https:\/\/www.maisbn.com\/portal\/wp-json\/wp\/v2\/posts"}],"about":[{"href":"https:\/\/www.maisbn.com\/portal\/wp-json\/wp\/v2\/types\/post"}],"author":[{"embeddable":true,"href":"https:\/\/www.maisbn.com\/portal\/wp-json\/wp\/v2\/users\/7"}],"replies":[{"embeddable":true,"href":"https:\/\/www.maisbn.com\/portal\/wp-json\/wp\/v2\/comments?post=15362"}],"version-history":[{"count":1,"href":"https:\/\/www.maisbn.com\/portal\/wp-json\/wp\/v2\/posts\/15362\/revisions"}],"predecessor-version":[{"id":15364,"href":"https:\/\/www.maisbn.com\/portal\/wp-json\/wp\/v2\/posts\/15362\/revisions\/15364"}],"wp:featuredmedia":[{"embeddable":true,"href":"https:\/\/www.maisbn.com\/portal\/wp-json\/wp\/v2\/media\/15363"}],"wp:attachment":[{"href":"https:\/\/www.maisbn.com\/portal\/wp-json\/wp\/v2\/media?parent=15362"}],"wp:term":[{"taxonomy":"category","embeddable":true,"href":"https:\/\/www.maisbn.com\/portal\/wp-json\/wp\/v2\/categories?post=15362"},{"taxonomy":"post_tag","embeddable":true,"href":"https:\/\/www.maisbn.com\/portal\/wp-json\/wp\/v2\/tags?post=15362"}],"curies":[{"name":"wp","href":"https:\/\/api.w.org\/{rel}","templated":true}]}}